{"id":2060,"date":"2023-10-20T12:29:36","date_gmt":"2023-10-20T15:29:36","guid":{"rendered":"http:\/\/10.101.10.196\/sevt\/?p=2060"},"modified":"2023-10-20T12:29:36","modified_gmt":"2023-10-20T15:29:36","slug":"se-dictaron-charlas-con-el-fin-de-generar-vinculos-con-la-escuela-secundaria-tecnica-para-que-sus-egresados-se-inserten-en-la-universidad","status":"publish","type":"post","link":"https:\/\/sevt.fica.unsl.edu.ar\/index.php\/se-dictaron-charlas-con-el-fin-de-generar-vinculos-con-la-escuela-secundaria-tecnica-para-que-sus-egresados-se-inserten-en-la-universidad\/","title":{"rendered":"Se dictaron charlas con el fin de generar v\u00ednculos con la escuela secundaria t\u00e9cnica, para que sus egresados se inserten en la universidad."},"content":{"rendered":"<h1><span style=\"font-size: 16px;\">La Coordinaci\u00f3n de Extensi\u00f3n, Vinculaci\u00f3n y Transferencia informa que, los d\u00edas 29 de mayo y 2 de octubre de 2023, se realizaron\u00a0 charlas en el Centro Educativo N\u00ba 10 Ramiro Podetti, de la localidad de Villa Mercedes, del Departamento General Pedernera.<\/span><\/h1>\n<div>\n<p>El objetivo del primer encuentro fue\u00a0<b>\u00a0promocionar las carreras de la UNSL\u00a0<\/b>y\u00a0<b>establecer pautas<\/b>\u00a0para futuros trabajos de vinculaci\u00f3n. En el segundo encuentro, estudiantes de la FICA dictaron una charla sobre seguridad e higiene en el laboratorio qu\u00edmico.<\/p>\n<p>La actividad estuvo a cargo de las docentes de la FICA, la Dra. Nora Merino y la Ing. Mariela Barzola. Tambi\u00e9n participaron estudiantes de las carreras de Ingenier\u00eda Qu\u00edmica e Ingenier\u00eda en Alimentos: Mar\u00eda Luz Casaux, Stefania Bargas, Bel\u00e9n Famar, Bel\u00e9n Ramirez y Ileana Rodriguez. La charla estuvo dirigida a los estudiantes de s\u00e9ptimo\u00a0a\u00f1o pertenecientes a la instituci\u00f3n educativa.<\/p>\n<p>Estas actividades de extensi\u00f3n fueron realizadas en marco del proyecto PED 14-0123 UNSL: \u201c\u00bfQu\u00e9 estudiamos en Qu\u00edmica? &#8211; Entre la secundaria y la universidad\u201d, cuya directora es la Dra. Merino y codirectora\u00a0la Ing. Mariela Barzola.<\/p>\n<\/div>\n<div class=\"yj6qo\"><\/div>\n<div class=\"adL\">\n<div class=\"gmail_signature\" dir=\"ltr\" data-smartmail=\"gmail_signature\">\n<div dir=\"ltr\"><img fetchpriority=\"high\" decoding=\"async\" class=\"aligncenter size-full wp-image-2061\" src=\"https:\/\/sevt.fica.unsl.edu.ar\/wp-content\/uploads\/2023\/10\/13.jpg\" alt=\"\" width=\"1280\" height=\"720\" srcset=\"https:\/\/sevt.fica.unsl.edu.ar\/wp-content\/uploads\/2023\/10\/13.jpg 1280w, https:\/\/sevt.fica.unsl.edu.ar\/wp-content\/uploads\/2023\/10\/13-300x169.jpg 300w, https:\/\/sevt.fica.unsl.edu.ar\/wp-content\/uploads\/2023\/10\/13-1024x576.jpg 1024w, https:\/\/sevt.fica.unsl.edu.ar\/wp-content\/uploads\/2023\/10\/13-768x432.jpg 768w\" sizes=\"(max-width: 1280px) 100vw, 1280px\" \/> <img decoding=\"async\" class=\"aligncenter size-full wp-image-2062\" src=\"https:\/\/sevt.fica.unsl.edu.ar\/wp-content\/uploads\/2023\/10\/12.jpg\" alt=\"\" width=\"1280\" height=\"720\" srcset=\"https:\/\/sevt.fica.unsl.edu.ar\/wp-content\/uploads\/2023\/10\/12.jpg 1280w, https:\/\/sevt.fica.unsl.edu.ar\/wp-content\/uploads\/2023\/10\/12-300x169.jpg 300w, https:\/\/sevt.fica.unsl.edu.ar\/wp-content\/uploads\/2023\/10\/12-1024x576.jpg 1024w, https:\/\/sevt.fica.unsl.edu.ar\/wp-content\/uploads\/2023\/10\/12-768x432.jpg 768w\" sizes=\"(max-width: 1280px) 100vw, 1280px\" \/> <img decoding=\"async\" class=\"aligncenter size-full wp-image-2063\" src=\"https:\/\/sevt.fica.unsl.edu.ar\/wp-content\/uploads\/2023\/10\/11.jpg\" alt=\"\" width=\"1280\" height=\"576\" srcset=\"https:\/\/sevt.fica.unsl.edu.ar\/wp-content\/uploads\/2023\/10\/11.jpg 1280w, https:\/\/sevt.fica.unsl.edu.ar\/wp-content\/uploads\/2023\/10\/11-300x135.jpg 300w, https:\/\/sevt.fica.unsl.edu.ar\/wp-content\/uploads\/2023\/10\/11-1024x461.jpg 1024w, https:\/\/sevt.fica.unsl.edu.ar\/wp-content\/uploads\/2023\/10\/11-768x346.jpg 768w\" sizes=\"(max-width: 1280px) 100vw, 1280px\" \/> <img loading=\"lazy\" decoding=\"async\" class=\"aligncenter size-full wp-image-2064\" src=\"https:\/\/sevt.fica.unsl.edu.ar\/wp-content\/uploads\/2023\/10\/10.jpg\" alt=\"\" width=\"1280\" height=\"576\" srcset=\"https:\/\/sevt.fica.unsl.edu.ar\/wp-content\/uploads\/2023\/10\/10.jpg 1280w, https:\/\/sevt.fica.unsl.edu.ar\/wp-content\/uploads\/2023\/10\/10-300x135.jpg 300w, https:\/\/sevt.fica.unsl.edu.ar\/wp-content\/uploads\/2023\/10\/10-1024x461.jpg 1024w, https:\/\/sevt.fica.unsl.edu.ar\/wp-content\/uploads\/2023\/10\/10-768x346.jpg 768w\" sizes=\"(max-width: 1280px) 100vw, 1280px\" \/> <img loading=\"lazy\" decoding=\"async\" class=\"aligncenter size-full wp-image-2065\" src=\"https:\/\/sevt.fica.unsl.edu.ar\/wp-content\/uploads\/2023\/10\/8.jpg\" alt=\"\" width=\"1280\" height=\"720\" srcset=\"https:\/\/sevt.fica.unsl.edu.ar\/wp-content\/uploads\/2023\/10\/8.jpg 1280w, https:\/\/sevt.fica.unsl.edu.ar\/wp-content\/uploads\/2023\/10\/8-300x169.jpg 300w, https:\/\/sevt.fica.unsl.edu.ar\/wp-content\/uploads\/2023\/10\/8-1024x576.jpg 1024w, https:\/\/sevt.fica.unsl.edu.ar\/wp-content\/uploads\/2023\/10\/8-768x432.jpg 768w\" sizes=\"(max-width: 1280px) 100vw, 1280px\" \/> <img loading=\"lazy\" decoding=\"async\" class=\"aligncenter size-full wp-image-2066\" src=\"https:\/\/sevt.fica.unsl.edu.ar\/wp-content\/uploads\/2023\/10\/9.jpg\" alt=\"\" width=\"1280\" height=\"576\" srcset=\"https:\/\/sevt.fica.unsl.edu.ar\/wp-content\/uploads\/2023\/10\/9.jpg 1280w, https:\/\/sevt.fica.unsl.edu.ar\/wp-content\/uploads\/2023\/10\/9-300x135.jpg 300w, https:\/\/sevt.fica.unsl.edu.ar\/wp-content\/uploads\/2023\/10\/9-1024x461.jpg 1024w, https:\/\/sevt.fica.unsl.edu.ar\/wp-content\/uploads\/2023\/10\/9-768x346.jpg 768w\" sizes=\"(max-width: 1280px) 100vw, 1280px\" \/> <img loading=\"lazy\" decoding=\"async\" class=\"aligncenter size-full wp-image-2067\" src=\"https:\/\/sevt.fica.unsl.edu.ar\/wp-content\/uploads\/2023\/10\/7.jpg\" alt=\"\" width=\"720\" height=\"1280\" srcset=\"https:\/\/sevt.fica.unsl.edu.ar\/wp-content\/uploads\/2023\/10\/7.jpg 720w, https:\/\/sevt.fica.unsl.edu.ar\/wp-content\/uploads\/2023\/10\/7-169x300.jpg 169w, https:\/\/sevt.fica.unsl.edu.ar\/wp-content\/uploads\/2023\/10\/7-576x1024.jpg 576w\" sizes=\"(max-width: 720px) 100vw, 720px\" \/> <img loading=\"lazy\" decoding=\"async\" class=\"aligncenter size-full wp-image-2068\" src=\"https:\/\/sevt.fica.unsl.edu.ar\/wp-content\/uploads\/2023\/10\/6.jpg\" alt=\"\" width=\"1280\" height=\"720\" srcset=\"https:\/\/sevt.fica.unsl.edu.ar\/wp-content\/uploads\/2023\/10\/6.jpg 1280w, https:\/\/sevt.fica.unsl.edu.ar\/wp-content\/uploads\/2023\/10\/6-300x169.jpg 300w, https:\/\/sevt.fica.unsl.edu.ar\/wp-content\/uploads\/2023\/10\/6-1024x576.jpg 1024w, https:\/\/sevt.fica.unsl.edu.ar\/wp-content\/uploads\/2023\/10\/6-768x432.jpg 768w\" sizes=\"(max-width: 1280px) 100vw, 1280px\" \/> <img loading=\"lazy\" decoding=\"async\" class=\"aligncenter size-full wp-image-2069\" src=\"https:\/\/sevt.fica.unsl.edu.ar\/wp-content\/uploads\/2023\/10\/2.jpg\" alt=\"\" width=\"1280\" height=\"576\" srcset=\"https:\/\/sevt.fica.unsl.edu.ar\/wp-content\/uploads\/2023\/10\/2.jpg 1280w, https:\/\/sevt.fica.unsl.edu.ar\/wp-content\/uploads\/2023\/10\/2-300x135.jpg 300w, https:\/\/sevt.fica.unsl.edu.ar\/wp-content\/uploads\/2023\/10\/2-1024x461.jpg 1024w, https:\/\/sevt.fica.unsl.edu.ar\/wp-content\/uploads\/2023\/10\/2-768x346.jpg 768w\" sizes=\"(max-width: 1280px) 100vw, 1280px\" \/> <img loading=\"lazy\" decoding=\"async\" class=\"aligncenter size-full wp-image-2070\" src=\"https:\/\/sevt.fica.unsl.edu.ar\/wp-content\/uploads\/2023\/10\/3.jpg\" alt=\"\" width=\"1280\" height=\"576\" srcset=\"https:\/\/sevt.fica.unsl.edu.ar\/wp-content\/uploads\/2023\/10\/3.jpg 1280w, https:\/\/sevt.fica.unsl.edu.ar\/wp-content\/uploads\/2023\/10\/3-300x135.jpg 300w, https:\/\/sevt.fica.unsl.edu.ar\/wp-content\/uploads\/2023\/10\/3-1024x461.jpg 1024w, https:\/\/sevt.fica.unsl.edu.ar\/wp-content\/uploads\/2023\/10\/3-768x346.jpg 768w\" sizes=\"(max-width: 1280px) 100vw, 1280px\" \/> <img loading=\"lazy\" decoding=\"async\" class=\"aligncenter size-full wp-image-2071\" src=\"https:\/\/sevt.fica.unsl.edu.ar\/wp-content\/uploads\/2023\/10\/4.jpg\" alt=\"\" width=\"1280\" height=\"576\" srcset=\"https:\/\/sevt.fica.unsl.edu.ar\/wp-content\/uploads\/2023\/10\/4.jpg 1280w, https:\/\/sevt.fica.unsl.edu.ar\/wp-content\/uploads\/2023\/10\/4-300x135.jpg 300w, https:\/\/sevt.fica.unsl.edu.ar\/wp-content\/uploads\/2023\/10\/4-1024x461.jpg 1024w, https:\/\/sevt.fica.unsl.edu.ar\/wp-content\/uploads\/2023\/10\/4-768x346.jpg 768w\" sizes=\"(max-width: 1280px) 100vw, 1280px\" \/> <img loading=\"lazy\" decoding=\"async\" class=\"aligncenter size-full wp-image-2073\" src=\"https:\/\/sevt.fica.unsl.edu.ar\/wp-content\/uploads\/2023\/10\/1.jpg\" alt=\"\" width=\"1280\" height=\"576\" srcset=\"https:\/\/sevt.fica.unsl.edu.ar\/wp-content\/uploads\/2023\/10\/1.jpg 1280w, https:\/\/sevt.fica.unsl.edu.ar\/wp-content\/uploads\/2023\/10\/1-300x135.jpg 300w, https:\/\/sevt.fica.unsl.edu.ar\/wp-content\/uploads\/2023\/10\/1-1024x461.jpg 1024w, https:\/\/sevt.fica.unsl.edu.ar\/wp-content\/uploads\/2023\/10\/1-768x346.jpg 768w\" sizes=\"(max-width: 1280px) 100vw, 1280px\" \/><img decoding=\"async\" class=\"aligncenter size-full wp-image-2062\" src=\"https:\/\/sevt.fica.unsl.edu.ar\/wp-content\/uploads\/2023\/10\/12.jpg\" alt=\"\" width=\"1280\" height=\"720\" srcset=\"https:\/\/sevt.fica.unsl.edu.ar\/wp-content\/uploads\/2023\/10\/12.jpg 1280w, https:\/\/sevt.fica.unsl.edu.ar\/wp-content\/uploads\/2023\/10\/12-300x169.jpg 300w, https:\/\/sevt.fica.unsl.edu.ar\/wp-content\/uploads\/2023\/10\/12-1024x576.jpg 1024w, https:\/\/sevt.fica.unsl.edu.ar\/wp-content\/uploads\/2023\/10\/12-768x432.jpg 768w\" sizes=\"(max-width: 1280px) 100vw, 1280px\" \/><img decoding=\"async\" class=\"aligncenter size-full wp-image-2063\" src=\"https:\/\/sevt.fica.unsl.edu.ar\/wp-content\/uploads\/2023\/10\/11.jpg\" alt=\"\" width=\"1280\" height=\"576\" srcset=\"https:\/\/sevt.fica.unsl.edu.ar\/wp-content\/uploads\/2023\/10\/11.jpg 1280w, https:\/\/sevt.fica.unsl.edu.ar\/wp-content\/uploads\/2023\/10\/11-300x135.jpg 300w, https:\/\/sevt.fica.unsl.edu.ar\/wp-content\/uploads\/2023\/10\/11-1024x461.jpg 1024w, https:\/\/sevt.fica.unsl.edu.ar\/wp-content\/uploads\/2023\/10\/11-768x346.jpg 768w\" sizes=\"(max-width: 1280px) 100vw, 1280px\" \/><img loading=\"lazy\" decoding=\"async\" class=\"aligncenter size-full wp-image-2064\" src=\"https:\/\/sevt.fica.unsl.edu.ar\/wp-content\/uploads\/2023\/10\/10.jpg\" alt=\"\" width=\"1280\" height=\"576\" srcset=\"https:\/\/sevt.fica.unsl.edu.ar\/wp-content\/uploads\/2023\/10\/10.jpg 1280w, https:\/\/sevt.fica.unsl.edu.ar\/wp-content\/uploads\/2023\/10\/10-300x135.jpg 300w, https:\/\/sevt.fica.unsl.edu.ar\/wp-content\/uploads\/2023\/10\/10-1024x461.jpg 1024w, https:\/\/sevt.fica.unsl.edu.ar\/wp-content\/uploads\/2023\/10\/10-768x346.jpg 768w\" sizes=\"(max-width: 1280px) 100vw, 1280px\" \/><img loading=\"lazy\" decoding=\"async\" class=\"aligncenter size-full wp-image-2065\" src=\"https:\/\/sevt.fica.unsl.edu.ar\/wp-content\/uploads\/2023\/10\/8.jpg\" alt=\"\" width=\"1280\" height=\"720\" srcset=\"https:\/\/sevt.fica.unsl.edu.ar\/wp-content\/uploads\/2023\/10\/8.jpg 1280w, https:\/\/sevt.fica.unsl.edu.ar\/wp-content\/uploads\/2023\/10\/8-300x169.jpg 300w, https:\/\/sevt.fica.unsl.edu.ar\/wp-content\/uploads\/2023\/10\/8-1024x576.jpg 1024w, https:\/\/sevt.fica.unsl.edu.ar\/wp-content\/uploads\/2023\/10\/8-768x432.jpg 768w\" sizes=\"(max-width: 1280px) 100vw, 1280px\" \/><img loading=\"lazy\" decoding=\"async\" class=\"aligncenter size-full wp-image-2066\" src=\"https:\/\/sevt.fica.unsl.edu.ar\/wp-content\/uploads\/2023\/10\/9.jpg\" alt=\"\" width=\"1280\" height=\"576\" srcset=\"https:\/\/sevt.fica.unsl.edu.ar\/wp-content\/uploads\/2023\/10\/9.jpg 1280w, https:\/\/sevt.fica.unsl.edu.ar\/wp-content\/uploads\/2023\/10\/9-300x135.jpg 300w, https:\/\/sevt.fica.unsl.edu.ar\/wp-content\/uploads\/2023\/10\/9-1024x461.jpg 1024w, https:\/\/sevt.fica.unsl.edu.ar\/wp-content\/uploads\/2023\/10\/9-768x346.jpg 768w\" sizes=\"(max-width: 1280px) 100vw, 1280px\" \/><img loading=\"lazy\" decoding=\"async\" class=\"aligncenter size-full wp-image-2067\" src=\"https:\/\/sevt.fica.unsl.edu.ar\/wp-content\/uploads\/2023\/10\/7.jpg\" alt=\"\" width=\"720\" height=\"1280\" srcset=\"https:\/\/sevt.fica.unsl.edu.ar\/wp-content\/uploads\/2023\/10\/7.jpg 720w, https:\/\/sevt.fica.unsl.edu.ar\/wp-content\/uploads\/2023\/10\/7-169x300.jpg 169w, https:\/\/sevt.fica.unsl.edu.ar\/wp-content\/uploads\/2023\/10\/7-576x1024.jpg 576w\" sizes=\"(max-width: 720px) 100vw, 720px\" \/><img loading=\"lazy\" decoding=\"async\" class=\"aligncenter size-full wp-image-2068\" src=\"https:\/\/sevt.fica.unsl.edu.ar\/wp-content\/uploads\/2023\/10\/6.jpg\" alt=\"\" width=\"1280\" height=\"720\" srcset=\"https:\/\/sevt.fica.unsl.edu.ar\/wp-content\/uploads\/2023\/10\/6.jpg 1280w, https:\/\/sevt.fica.unsl.edu.ar\/wp-content\/uploads\/2023\/10\/6-300x169.jpg 300w, https:\/\/sevt.fica.unsl.edu.ar\/wp-content\/uploads\/2023\/10\/6-1024x576.jpg 1024w, https:\/\/sevt.fica.unsl.edu.ar\/wp-content\/uploads\/2023\/10\/6-768x432.jpg 768w\" sizes=\"(max-width: 1280px) 100vw, 1280px\" \/><img loading=\"lazy\" decoding=\"async\" class=\"aligncenter size-full wp-image-2069\" src=\"https:\/\/sevt.fica.unsl.edu.ar\/wp-content\/uploads\/2023\/10\/2.jpg\" alt=\"\" width=\"1280\" height=\"576\" srcset=\"https:\/\/sevt.fica.unsl.edu.ar\/wp-content\/uploads\/2023\/10\/2.jpg 1280w, https:\/\/sevt.fica.unsl.edu.ar\/wp-content\/uploads\/2023\/10\/2-300x135.jpg 300w, https:\/\/sevt.fica.unsl.edu.ar\/wp-content\/uploads\/2023\/10\/2-1024x461.jpg 1024w, https:\/\/sevt.fica.unsl.edu.ar\/wp-content\/uploads\/2023\/10\/2-768x346.jpg 768w\" sizes=\"(max-width: 1280px) 100vw, 1280px\" \/><img loading=\"lazy\" decoding=\"async\" class=\"aligncenter size-full wp-image-2070\" src=\"https:\/\/sevt.fica.unsl.edu.ar\/wp-content\/uploads\/2023\/10\/3.jpg\" alt=\"\" width=\"1280\" height=\"576\" srcset=\"https:\/\/sevt.fica.unsl.edu.ar\/wp-content\/uploads\/2023\/10\/3.jpg 1280w, https:\/\/sevt.fica.unsl.edu.ar\/wp-content\/uploads\/2023\/10\/3-300x135.jpg 300w, https:\/\/sevt.fica.unsl.edu.ar\/wp-content\/uploads\/2023\/10\/3-1024x461.jpg 1024w, https:\/\/sevt.fica.unsl.edu.ar\/wp-content\/uploads\/2023\/10\/3-768x346.jpg 768w\" sizes=\"(max-width: 1280px) 100vw, 1280px\" \/><img loading=\"lazy\" decoding=\"async\" class=\"aligncenter size-full wp-image-2071\" src=\"https:\/\/sevt.fica.unsl.edu.ar\/wp-content\/uploads\/2023\/10\/4.jpg\" alt=\"\" width=\"1280\" height=\"576\" srcset=\"https:\/\/sevt.fica.unsl.edu.ar\/wp-content\/uploads\/2023\/10\/4.jpg 1280w, https:\/\/sevt.fica.unsl.edu.ar\/wp-content\/uploads\/2023\/10\/4-300x135.jpg 300w, https:\/\/sevt.fica.unsl.edu.ar\/wp-content\/uploads\/2023\/10\/4-1024x461.jpg 1024w, https:\/\/sevt.fica.unsl.edu.ar\/wp-content\/uploads\/2023\/10\/4-768x346.jpg 768w\" sizes=\"(max-width: 1280px) 100vw, 1280px\" \/><img loading=\"lazy\" decoding=\"async\" class=\"aligncenter size-full wp-image-2072\" src=\"https:\/\/sevt.fica.unsl.edu.ar\/wp-content\/uploads\/2023\/10\/5.jpg\" alt=\"\" width=\"1280\" height=\"576\" srcset=\"https:\/\/sevt.fica.unsl.edu.ar\/wp-content\/uploads\/2023\/10\/5.jpg 1280w, https:\/\/sevt.fica.unsl.edu.ar\/wp-content\/uploads\/2023\/10\/5-300x135.jpg 300w, https:\/\/sevt.fica.unsl.edu.ar\/wp-content\/uploads\/2023\/10\/5-1024x461.jpg 1024w, https:\/\/sevt.fica.unsl.edu.ar\/wp-content\/uploads\/2023\/10\/5-768x346.jpg 768w\" sizes=\"(max-width: 1280px) 100vw, 1280px\" \/><\/div>\n<\/div>\n<\/div>\n","protected":false},"excerpt":{"rendered":"<p>La Coordinaci\u00f3n de Extensi\u00f3n, Vinculaci\u00f3n y Transferencia informa que, los d\u00edas 29 de mayo y 2 de octubre de 2023, se realizaron\u00a0 charlas en el&hellip;<\/p>\n","protected":false},"author":5,"featured_media":2073,"comment_status":"closed","ping_status":"closed","sticky":false,"template":"","format":"standard","meta":{"_monsterinsights_skip_tracking":false,"_monsterinsights_sitenote_active":false,"_monsterinsights_sitenote_note":"","_monsterinsights_sitenote_category":0,"footnotes":""},"categories":[1],"tags":[],"class_list":["post-2060","post","type-post","status-publish","format-standard","has-post-thumbnail","hentry","category-noticias"],"yoast_head":"<!-- This site is optimized with the Yoast SEO plugin v27.0 - https:\/\/yoast.com\/product\/yoast-seo-wordpress\/ -->\n<title>Se dictaron charlas con el fin de generar v\u00ednculos con la escuela secundaria t\u00e9cnica, para que sus egresados se inserten en la universidad. - Secretar\u00eda de Extensi\u00f3n, Vinculaci\u00f3n y Transferencia<\/title>\n<meta name=\"robots\" content=\"index, follow, max-snippet:-1, max-image-preview:large, max-video-preview:-1\" \/>\n<link rel=\"canonical\" href=\"https:\/\/sevt.fica.unsl.edu.ar\/index.php\/se-dictaron-charlas-con-el-fin-de-generar-vinculos-con-la-escuela-secundaria-tecnica-para-que-sus-egresados-se-inserten-en-la-universidad\/\" \/>\n<meta property=\"og:locale\" content=\"es_ES\" \/>\n<meta property=\"og:type\" content=\"article\" \/>\n<meta property=\"og:title\" content=\"Se dictaron charlas con el fin de generar v\u00ednculos con la escuela secundaria t\u00e9cnica, para que sus egresados se inserten en la universidad. - Secretar\u00eda de Extensi\u00f3n, Vinculaci\u00f3n y Transferencia\" \/>\n<meta property=\"og:description\" content=\"La Coordinaci\u00f3n de Extensi\u00f3n, Vinculaci\u00f3n y Transferencia informa que, los d\u00edas 29 de mayo y 2 de octubre de 2023, se realizaron\u00a0 charlas en el&hellip;\" \/>\n<meta property=\"og:url\" content=\"https:\/\/sevt.fica.unsl.edu.ar\/index.php\/se-dictaron-charlas-con-el-fin-de-generar-vinculos-con-la-escuela-secundaria-tecnica-para-que-sus-egresados-se-inserten-en-la-universidad\/\" \/>\n<meta property=\"og:site_name\" content=\"Secretar\u00eda de Extensi\u00f3n, Vinculaci\u00f3n y Transferencia\" \/>\n<meta property=\"article:published_time\" content=\"2023-10-20T15:29:36+00:00\" \/>\n<meta property=\"og:image\" content=\"https:\/\/sevt.fica.unsl.edu.ar\/wp-content\/uploads\/2023\/10\/1.jpg\" \/>\n\t<meta property=\"og:image:width\" content=\"1280\" \/>\n\t<meta property=\"og:image:height\" content=\"576\" \/>\n\t<meta property=\"og:image:type\" content=\"image\/jpeg\" \/>\n<meta name=\"author\" content=\"DATI\" \/>\n<meta name=\"twitter:card\" content=\"summary_large_image\" \/>\n<meta name=\"twitter:label1\" content=\"Escrito por\" \/>\n\t<meta name=\"twitter:data1\" content=\"DATI\" \/>\n\t<meta name=\"twitter:label2\" content=\"Tiempo de lectura\" \/>\n\t<meta name=\"twitter:data2\" content=\"6 minutos\" \/>\n<script type=\"application\/ld+json\" class=\"yoast-schema-graph\">{\"@context\":\"https:\/\/schema.org\",\"@graph\":[{\"@type\":\"Article\",\"@id\":\"https:\/\/sevt.fica.unsl.edu.ar\/index.php\/se-dictaron-charlas-con-el-fin-de-generar-vinculos-con-la-escuela-secundaria-tecnica-para-que-sus-egresados-se-inserten-en-la-universidad\/#article\",\"isPartOf\":{\"@id\":\"https:\/\/sevt.fica.unsl.edu.ar\/index.php\/se-dictaron-charlas-con-el-fin-de-generar-vinculos-con-la-escuela-secundaria-tecnica-para-que-sus-egresados-se-inserten-en-la-universidad\/\"},\"author\":{\"name\":\"DATI\",\"@id\":\"https:\/\/sevt.fica.unsl.edu.ar\/#\/schema\/person\/39f8490576c1fadc0183ccacf3f7e14a\"},\"headline\":\"Se dictaron charlas con el fin de generar v\u00ednculos con la escuela secundaria t\u00e9cnica, para que sus egresados se inserten en la universidad.\",\"datePublished\":\"2023-10-20T15:29:36+00:00\",\"mainEntityOfPage\":{\"@id\":\"https:\/\/sevt.fica.unsl.edu.ar\/index.php\/se-dictaron-charlas-con-el-fin-de-generar-vinculos-con-la-escuela-secundaria-tecnica-para-que-sus-egresados-se-inserten-en-la-universidad\/\"},\"wordCount\":215,\"publisher\":{\"@id\":\"https:\/\/sevt.fica.unsl.edu.ar\/#organization\"},\"image\":{\"@id\":\"https:\/\/sevt.fica.unsl.edu.ar\/index.php\/se-dictaron-charlas-con-el-fin-de-generar-vinculos-con-la-escuela-secundaria-tecnica-para-que-sus-egresados-se-inserten-en-la-universidad\/#primaryimage\"},\"thumbnailUrl\":\"https:\/\/sevt.fica.unsl.edu.ar\/wp-content\/uploads\/2023\/10\/1.jpg\",\"articleSection\":[\"Noticias\"],\"inLanguage\":\"es-AR\"},{\"@type\":\"WebPage\",\"@id\":\"https:\/\/sevt.fica.unsl.edu.ar\/index.php\/se-dictaron-charlas-con-el-fin-de-generar-vinculos-con-la-escuela-secundaria-tecnica-para-que-sus-egresados-se-inserten-en-la-universidad\/\",\"url\":\"https:\/\/sevt.fica.unsl.edu.ar\/index.php\/se-dictaron-charlas-con-el-fin-de-generar-vinculos-con-la-escuela-secundaria-tecnica-para-que-sus-egresados-se-inserten-en-la-universidad\/\",\"name\":\"Se dictaron charlas con el fin de generar v\u00ednculos con la escuela secundaria t\u00e9cnica, para que sus egresados se inserten en la universidad. - Secretar\u00eda de Extensi\u00f3n, Vinculaci\u00f3n y Transferencia\",\"isPartOf\":{\"@id\":\"https:\/\/sevt.fica.unsl.edu.ar\/#website\"},\"primaryImageOfPage\":{\"@id\":\"https:\/\/sevt.fica.unsl.edu.ar\/index.php\/se-dictaron-charlas-con-el-fin-de-generar-vinculos-con-la-escuela-secundaria-tecnica-para-que-sus-egresados-se-inserten-en-la-universidad\/#primaryimage\"},\"image\":{\"@id\":\"https:\/\/sevt.fica.unsl.edu.ar\/index.php\/se-dictaron-charlas-con-el-fin-de-generar-vinculos-con-la-escuela-secundaria-tecnica-para-que-sus-egresados-se-inserten-en-la-universidad\/#primaryimage\"},\"thumbnailUrl\":\"https:\/\/sevt.fica.unsl.edu.ar\/wp-content\/uploads\/2023\/10\/1.jpg\",\"datePublished\":\"2023-10-20T15:29:36+00:00\",\"breadcrumb\":{\"@id\":\"https:\/\/sevt.fica.unsl.edu.ar\/index.php\/se-dictaron-charlas-con-el-fin-de-generar-vinculos-con-la-escuela-secundaria-tecnica-para-que-sus-egresados-se-inserten-en-la-universidad\/#breadcrumb\"},\"inLanguage\":\"es-AR\",\"potentialAction\":[{\"@type\":\"ReadAction\",\"target\":[\"https:\/\/sevt.fica.unsl.edu.ar\/index.php\/se-dictaron-charlas-con-el-fin-de-generar-vinculos-con-la-escuela-secundaria-tecnica-para-que-sus-egresados-se-inserten-en-la-universidad\/\"]}]},{\"@type\":\"ImageObject\",\"inLanguage\":\"es-AR\",\"@id\":\"https:\/\/sevt.fica.unsl.edu.ar\/index.php\/se-dictaron-charlas-con-el-fin-de-generar-vinculos-con-la-escuela-secundaria-tecnica-para-que-sus-egresados-se-inserten-en-la-universidad\/#primaryimage\",\"url\":\"https:\/\/sevt.fica.unsl.edu.ar\/wp-content\/uploads\/2023\/10\/1.jpg\",\"contentUrl\":\"https:\/\/sevt.fica.unsl.edu.ar\/wp-content\/uploads\/2023\/10\/1.jpg\",\"width\":1280,\"height\":576},{\"@type\":\"BreadcrumbList\",\"@id\":\"https:\/\/sevt.fica.unsl.edu.ar\/index.php\/se-dictaron-charlas-con-el-fin-de-generar-vinculos-con-la-escuela-secundaria-tecnica-para-que-sus-egresados-se-inserten-en-la-universidad\/#breadcrumb\",\"itemListElement\":[{\"@type\":\"ListItem\",\"position\":1,\"name\":\"Inicio\",\"item\":\"https:\/\/sevt.fica.unsl.edu.ar\/\"},{\"@type\":\"ListItem\",\"position\":2,\"name\":\"Se dictaron charlas con el fin de generar v\u00ednculos con la escuela secundaria t\u00e9cnica, para que sus egresados se inserten en la universidad.\"}]},{\"@type\":\"WebSite\",\"@id\":\"https:\/\/sevt.fica.unsl.edu.ar\/#website\",\"url\":\"https:\/\/sevt.fica.unsl.edu.ar\/\",\"name\":\"Secretar\u00eda de Extensi\u00f3n, Vinculaci\u00f3n y Transferencia\",\"description\":\"SEVT\",\"publisher\":{\"@id\":\"https:\/\/sevt.fica.unsl.edu.ar\/#organization\"},\"potentialAction\":[{\"@type\":\"SearchAction\",\"target\":{\"@type\":\"EntryPoint\",\"urlTemplate\":\"https:\/\/sevt.fica.unsl.edu.ar\/?s={search_term_string}\"},\"query-input\":{\"@type\":\"PropertyValueSpecification\",\"valueRequired\":true,\"valueName\":\"search_term_string\"}}],\"inLanguage\":\"es-AR\"},{\"@type\":\"Organization\",\"@id\":\"https:\/\/sevt.fica.unsl.edu.ar\/#organization\",\"name\":\"SEVT- Secretar\u00eda de Extensi\u00f3n, Vinculaci\u00f3n y Transferencia\",\"url\":\"https:\/\/sevt.fica.unsl.edu.ar\/\",\"logo\":{\"@type\":\"ImageObject\",\"inLanguage\":\"es-AR\",\"@id\":\"https:\/\/sevt.fica.unsl.edu.ar\/#\/schema\/logo\/image\/\",\"url\":\"https:\/\/sevt.fica.unsl.edu.ar\/wp-content\/uploads\/2020\/11\/SAC.png\",\"contentUrl\":\"https:\/\/sevt.fica.unsl.edu.ar\/wp-content\/uploads\/2020\/11\/SAC.png\",\"width\":4484,\"height\":1231,\"caption\":\"SEVT- Secretar\u00eda de Extensi\u00f3n, Vinculaci\u00f3n y Transferencia\"},\"image\":{\"@id\":\"https:\/\/sevt.fica.unsl.edu.ar\/#\/schema\/logo\/image\/\"}},{\"@type\":\"Person\",\"@id\":\"https:\/\/sevt.fica.unsl.edu.ar\/#\/schema\/person\/39f8490576c1fadc0183ccacf3f7e14a\",\"name\":\"DATI\",\"url\":\"https:\/\/sevt.fica.unsl.edu.ar\/index.php\/author\/sistemasdati\/\"}]}<\/script>\n<!-- \/ Yoast SEO plugin. -->","yoast_head_json":{"title":"Se dictaron charlas con el fin de generar v\u00ednculos con la escuela secundaria t\u00e9cnica, para que sus egresados se inserten en la universidad. - Secretar\u00eda de Extensi\u00f3n, Vinculaci\u00f3n y Transferencia","robots":{"index":"index","follow":"follow","max-snippet":"max-snippet:-1","max-image-preview":"max-image-preview:large","max-video-preview":"max-video-preview:-1"},"canonical":"https:\/\/sevt.fica.unsl.edu.ar\/index.php\/se-dictaron-charlas-con-el-fin-de-generar-vinculos-con-la-escuela-secundaria-tecnica-para-que-sus-egresados-se-inserten-en-la-universidad\/","og_locale":"es_ES","og_type":"article","og_title":"Se dictaron charlas con el fin de generar v\u00ednculos con la escuela secundaria t\u00e9cnica, para que sus egresados se inserten en la universidad. - Secretar\u00eda de Extensi\u00f3n, Vinculaci\u00f3n y Transferencia","og_description":"La Coordinaci\u00f3n de Extensi\u00f3n, Vinculaci\u00f3n y Transferencia informa que, los d\u00edas 29 de mayo y 2 de octubre de 2023, se realizaron\u00a0 charlas en el&hellip;","og_url":"https:\/\/sevt.fica.unsl.edu.ar\/index.php\/se-dictaron-charlas-con-el-fin-de-generar-vinculos-con-la-escuela-secundaria-tecnica-para-que-sus-egresados-se-inserten-en-la-universidad\/","og_site_name":"Secretar\u00eda de Extensi\u00f3n, Vinculaci\u00f3n y Transferencia","article_published_time":"2023-10-20T15:29:36+00:00","og_image":[{"width":1280,"height":576,"url":"https:\/\/sevt.fica.unsl.edu.ar\/wp-content\/uploads\/2023\/10\/1.jpg","type":"image\/jpeg"}],"author":"DATI","twitter_card":"summary_large_image","twitter_misc":{"Escrito por":"DATI","Tiempo de lectura":"6 minutos"},"schema":{"@context":"https:\/\/schema.org","@graph":[{"@type":"Article","@id":"https:\/\/sevt.fica.unsl.edu.ar\/index.php\/se-dictaron-charlas-con-el-fin-de-generar-vinculos-con-la-escuela-secundaria-tecnica-para-que-sus-egresados-se-inserten-en-la-universidad\/#article","isPartOf":{"@id":"https:\/\/sevt.fica.unsl.edu.ar\/index.php\/se-dictaron-charlas-con-el-fin-de-generar-vinculos-con-la-escuela-secundaria-tecnica-para-que-sus-egresados-se-inserten-en-la-universidad\/"},"author":{"name":"DATI","@id":"https:\/\/sevt.fica.unsl.edu.ar\/#\/schema\/person\/39f8490576c1fadc0183ccacf3f7e14a"},"headline":"Se dictaron charlas con el fin de generar v\u00ednculos con la escuela secundaria t\u00e9cnica, para que sus egresados se inserten en la universidad.","datePublished":"2023-10-20T15:29:36+00:00","mainEntityOfPage":{"@id":"https:\/\/sevt.fica.unsl.edu.ar\/index.php\/se-dictaron-charlas-con-el-fin-de-generar-vinculos-con-la-escuela-secundaria-tecnica-para-que-sus-egresados-se-inserten-en-la-universidad\/"},"wordCount":215,"publisher":{"@id":"https:\/\/sevt.fica.unsl.edu.ar\/#organization"},"image":{"@id":"https:\/\/sevt.fica.unsl.edu.ar\/index.php\/se-dictaron-charlas-con-el-fin-de-generar-vinculos-con-la-escuela-secundaria-tecnica-para-que-sus-egresados-se-inserten-en-la-universidad\/#primaryimage"},"thumbnailUrl":"https:\/\/sevt.fica.unsl.edu.ar\/wp-content\/uploads\/2023\/10\/1.jpg","articleSection":["Noticias"],"inLanguage":"es-AR"},{"@type":"WebPage","@id":"https:\/\/sevt.fica.unsl.edu.ar\/index.php\/se-dictaron-charlas-con-el-fin-de-generar-vinculos-con-la-escuela-secundaria-tecnica-para-que-sus-egresados-se-inserten-en-la-universidad\/","url":"https:\/\/sevt.fica.unsl.edu.ar\/index.php\/se-dictaron-charlas-con-el-fin-de-generar-vinculos-con-la-escuela-secundaria-tecnica-para-que-sus-egresados-se-inserten-en-la-universidad\/","name":"Se dictaron charlas con el fin de generar v\u00ednculos con la escuela secundaria t\u00e9cnica, para que sus egresados se inserten en la universidad. - Secretar\u00eda de Extensi\u00f3n, Vinculaci\u00f3n y Transferencia","isPartOf":{"@id":"https:\/\/sevt.fica.unsl.edu.ar\/#website"},"primaryImageOfPage":{"@id":"https:\/\/sevt.fica.unsl.edu.ar\/index.php\/se-dictaron-charlas-con-el-fin-de-generar-vinculos-con-la-escuela-secundaria-tecnica-para-que-sus-egresados-se-inserten-en-la-universidad\/#primaryimage"},"image":{"@id":"https:\/\/sevt.fica.unsl.edu.ar\/index.php\/se-dictaron-charlas-con-el-fin-de-generar-vinculos-con-la-escuela-secundaria-tecnica-para-que-sus-egresados-se-inserten-en-la-universidad\/#primaryimage"},"thumbnailUrl":"https:\/\/sevt.fica.unsl.edu.ar\/wp-content\/uploads\/2023\/10\/1.jpg","datePublished":"2023-10-20T15:29:36+00:00","breadcrumb":{"@id":"https:\/\/sevt.fica.unsl.edu.ar\/index.php\/se-dictaron-charlas-con-el-fin-de-generar-vinculos-con-la-escuela-secundaria-tecnica-para-que-sus-egresados-se-inserten-en-la-universidad\/#breadcrumb"},"inLanguage":"es-AR","potentialAction":[{"@type":"ReadAction","target":["https:\/\/sevt.fica.unsl.edu.ar\/index.php\/se-dictaron-charlas-con-el-fin-de-generar-vinculos-con-la-escuela-secundaria-tecnica-para-que-sus-egresados-se-inserten-en-la-universidad\/"]}]},{"@type":"ImageObject","inLanguage":"es-AR","@id":"https:\/\/sevt.fica.unsl.edu.ar\/index.php\/se-dictaron-charlas-con-el-fin-de-generar-vinculos-con-la-escuela-secundaria-tecnica-para-que-sus-egresados-se-inserten-en-la-universidad\/#primaryimage","url":"https:\/\/sevt.fica.unsl.edu.ar\/wp-content\/uploads\/2023\/10\/1.jpg","contentUrl":"https:\/\/sevt.fica.unsl.edu.ar\/wp-content\/uploads\/2023\/10\/1.jpg","width":1280,"height":576},{"@type":"BreadcrumbList","@id":"https:\/\/sevt.fica.unsl.edu.ar\/index.php\/se-dictaron-charlas-con-el-fin-de-generar-vinculos-con-la-escuela-secundaria-tecnica-para-que-sus-egresados-se-inserten-en-la-universidad\/#breadcrumb","itemListElement":[{"@type":"ListItem","position":1,"name":"Inicio","item":"https:\/\/sevt.fica.unsl.edu.ar\/"},{"@type":"ListItem","position":2,"name":"Se dictaron charlas con el fin de generar v\u00ednculos con la escuela secundaria t\u00e9cnica, para que sus egresados se inserten en la universidad."}]},{"@type":"WebSite","@id":"https:\/\/sevt.fica.unsl.edu.ar\/#website","url":"https:\/\/sevt.fica.unsl.edu.ar\/","name":"Secretar\u00eda de Extensi\u00f3n, Vinculaci\u00f3n y Transferencia","description":"SEVT","publisher":{"@id":"https:\/\/sevt.fica.unsl.edu.ar\/#organization"},"potentialAction":[{"@type":"SearchAction","target":{"@type":"EntryPoint","urlTemplate":"https:\/\/sevt.fica.unsl.edu.ar\/?s={search_term_string}"},"query-input":{"@type":"PropertyValueSpecification","valueRequired":true,"valueName":"search_term_string"}}],"inLanguage":"es-AR"},{"@type":"Organization","@id":"https:\/\/sevt.fica.unsl.edu.ar\/#organization","name":"SEVT- Secretar\u00eda de Extensi\u00f3n, Vinculaci\u00f3n y Transferencia","url":"https:\/\/sevt.fica.unsl.edu.ar\/","logo":{"@type":"ImageObject","inLanguage":"es-AR","@id":"https:\/\/sevt.fica.unsl.edu.ar\/#\/schema\/logo\/image\/","url":"https:\/\/sevt.fica.unsl.edu.ar\/wp-content\/uploads\/2020\/11\/SAC.png","contentUrl":"https:\/\/sevt.fica.unsl.edu.ar\/wp-content\/uploads\/2020\/11\/SAC.png","width":4484,"height":1231,"caption":"SEVT- Secretar\u00eda de Extensi\u00f3n, Vinculaci\u00f3n y Transferencia"},"image":{"@id":"https:\/\/sevt.fica.unsl.edu.ar\/#\/schema\/logo\/image\/"}},{"@type":"Person","@id":"https:\/\/sevt.fica.unsl.edu.ar\/#\/schema\/person\/39f8490576c1fadc0183ccacf3f7e14a","name":"DATI","url":"https:\/\/sevt.fica.unsl.edu.ar\/index.php\/author\/sistemasdati\/"}]}},"_links":{"self":[{"href":"https:\/\/sevt.fica.unsl.edu.ar\/index.php\/wp-json\/wp\/v2\/posts\/2060","targetHints":{"allow":["GET"]}}],"collection":[{"href":"https:\/\/sevt.fica.unsl.edu.ar\/index.php\/wp-json\/wp\/v2\/posts"}],"about":[{"href":"https:\/\/sevt.fica.unsl.edu.ar\/index.php\/wp-json\/wp\/v2\/types\/post"}],"author":[{"embeddable":true,"href":"https:\/\/sevt.fica.unsl.edu.ar\/index.php\/wp-json\/wp\/v2\/users\/5"}],"replies":[{"embeddable":true,"href":"https:\/\/sevt.fica.unsl.edu.ar\/index.php\/wp-json\/wp\/v2\/comments?post=2060"}],"version-history":[{"count":2,"href":"https:\/\/sevt.fica.unsl.edu.ar\/index.php\/wp-json\/wp\/v2\/posts\/2060\/revisions"}],"predecessor-version":[{"id":2075,"href":"https:\/\/sevt.fica.unsl.edu.ar\/index.php\/wp-json\/wp\/v2\/posts\/2060\/revisions\/2075"}],"wp:featuredmedia":[{"embeddable":true,"href":"https:\/\/sevt.fica.unsl.edu.ar\/index.php\/wp-json\/wp\/v2\/media\/2073"}],"wp:attachment":[{"href":"https:\/\/sevt.fica.unsl.edu.ar\/index.php\/wp-json\/wp\/v2\/media?parent=2060"}],"wp:term":[{"taxonomy":"category","embeddable":true,"href":"https:\/\/sevt.fica.unsl.edu.ar\/index.php\/wp-json\/wp\/v2\/categories?post=2060"},{"taxonomy":"post_tag","embeddable":true,"href":"https:\/\/sevt.fica.unsl.edu.ar\/index.php\/wp-json\/wp\/v2\/tags?post=2060"}],"curies":[{"name":"wp","href":"https:\/\/api.w.org\/{rel}","templated":true}]}}