{"id":1976,"date":"2023-08-07T10:50:10","date_gmt":"2023-08-07T13:50:10","guid":{"rendered":"http:\/\/10.101.10.196\/sevt\/?p=1976"},"modified":"2023-08-07T11:12:46","modified_gmt":"2023-08-07T14:12:46","slug":"analista-de-automatizacion","status":"publish","type":"post","link":"https:\/\/sevt.fica.unsl.edu.ar\/index.php\/analista-de-automatizacion\/","title":{"rendered":"ANALISTA DE AUTOMATIZACI\u00d3N"},"content":{"rendered":"<p>\u00bfQuieres construir un futuro m\u00e1s s\u00f3lido, sustentable y cultivar tu carrera? S\u00famate al equipo global de Cargill que cuenta con 160,000 empleados que est\u00e1n comprometidos en usar maneras seguras, responsables y sustentables de nutrir al mundo. Este puesto est\u00e1 en el negocio de ingredientes alimenticios y bioindustria de Cargill, con el que prevemos tendencias en materia de sabor, nutrici\u00f3n y seguridad, para innovar y brindar soluciones a fabricantes, minoristas y compa\u00f1\u00edas de servicios de alimentos.<\/p>\n<p>PROP\u00d3SITO E IMPACTO DEL TRABAJO<br \/>\nEl\/La Analista de Automatizaci\u00f3n, ayudar\u00e1 a dise\u00f1ar, desarrollar y mantener la gobernanza general sobre est\u00e1ndares, aplicaciones, brechas, soluciones y mediciones para aumentar la calidad de producci\u00f3n, la eficiencia y el volumen para el negocio. En este rol, ayudar\u00e1 a las actividades diarias relacionadas con la automatizaci\u00f3n, la ingenier\u00eda el\u00e9ctrica y de instrumentaci\u00f3n para habilitar proyectos y mejorar nuestras capacidades al proporcionar soporte de ingenier\u00eda para la organizaci\u00f3n.<\/p>\n<p>RESPONSABILIDADES CLAVE<br \/>\n\uf0b7 Proporcionar soporte y prestaci\u00f3n de servicios para una ubicaci\u00f3n.<br \/>\n\uf0b7 Apoyar el desarrollo de nuevas normas y procedimientos mediante el establecimiento de herramientas y mecanismos de presentaci\u00f3n de informes para supervisar el rendimiento.<br \/>\n\uf0b7 Ayudar a la ejecuci\u00f3n de la identificaci\u00f3n, monitoreo e implementaci\u00f3n de est\u00e1ndares de automatizaci\u00f3n, ingenier\u00eda el\u00e9ctrica y de instrumentaci\u00f3n, pol\u00edticas, procedimientos y ayudas laborales.<br \/>\n\uf0b7 Desarrollar conocimientos de automatizaci\u00f3n actual y fundamental, pol\u00edticas de ingenier\u00eda el\u00e9ctrica e instrumentaci\u00f3n, procedimientos y ayudas laborales.<br \/>\n\uf0b7 Apoyar las operaciones identificando e informando problemas con respecto a las brechas de rendimiento y proporciona informaci\u00f3n a los miembros m\u00e1s importantes del equipo.<br \/>\n\uf0b7 Monitorear, rastrear e informar los mecanismos de control de auditor\u00eda para identificar ineficiencias y ofrecer mejoras.<br \/>\n\uf0b7 Realizar tareas b\u00e1sicas de cumplimiento de seguridad alineadas con todas las regulaciones aplicables.<br \/>\n\uf0b7 Manejar los problemas b\u00e1sicos y los problemas bajo supervisi\u00f3n directa, mientras escala los problemas m\u00e1s complejos al personal apropiado.<br \/>\n\uf0b7 Otras funciones asignadas.<\/p>\n<p>CALIFICACIONES M\u00cdNIMAS<br \/>\n\uf0b7 Ingenier\u00eda electr\u00f3nica o afines a un campo relacionado a automatizaci\u00f3n.<br \/>\n\uf0b7 Experiencia en trabajos de automatizaci\u00f3n.<br \/>\n\uf0b7 Conocimientos b\u00e1sicos de electrotecnia.<\/p>\n<p>PREFERIDAS<br \/>\n\uf0b7 Tener conocimiento en Foxboro IAS.<br \/>\n\uf0b7 Interpretaci\u00f3n de lectura t\u00e9cnica en ingl\u00e9s y portugu\u00e9s (b\u00e1sico).<br \/>\n\uf0b7 Fuertes habilidades t\u00e9cnicas y matem\u00e1ticas.<br \/>\n\uf0b7 Habilidades intermedias de gesti\u00f3n de proyectos.<br \/>\n\uf0b7 Conocimiento pr\u00e1ctico demostrado de normas t\u00e9cnicas (ISA), principios, teor\u00edas, conceptos y t\u00e9cnicas.<\/p>\n<p>Contacto<\/p>\n<p>sec.evyt.fica@gmail.com<\/p>\n<p style=\"font-weight: 400;\"><a href=\"mailto:Lorena_Logica@cargill.com\">Lorena_Logica@cargill.com<\/a><\/p>\n<p style=\"font-weight: 400;\"><a href=\"http:\/\/www.cargill.com\/careers\" data-saferedirecturl=\"https:\/\/www.google.com\/url?q=http:\/\/www.cargill.com\/careers&amp;source=gmail&amp;ust=1691497526574000&amp;usg=AOvVaw1Qh0D5vXv8p0FoxkcKbb0W\">www.cargill.com\/careers<\/a><\/p>\n","protected":false},"excerpt":{"rendered":"<p>\u00bfQuieres construir un futuro m\u00e1s s\u00f3lido, sustentable y cultivar tu carrera? S\u00famate al equipo global de Cargill que cuenta con 160,000 empleados que est\u00e1n comprometidos&hellip;<\/p>\n","protected":false},"author":5,"featured_media":1925,"comment_status":"closed","ping_status":"closed","sticky":false,"template":"","format":"standard","meta":{"_monsterinsights_skip_tracking":false,"_monsterinsights_sitenote_active":false,"_monsterinsights_sitenote_note":"","_monsterinsights_sitenote_category":0,"footnotes":""},"categories":[1],"tags":[],"class_list":["post-1976","post","type-post","status-publish","format-standard","has-post-thumbnail","hentry","category-noticias"],"yoast_head":"<!-- This site is optimized with the Yoast SEO plugin v27.0 - https:\/\/yoast.com\/product\/yoast-seo-wordpress\/ -->\n<title>ANALISTA DE AUTOMATIZACI\u00d3N - Secretar\u00eda de Extensi\u00f3n, Vinculaci\u00f3n y Transferencia<\/title>\n<meta name=\"robots\" content=\"index, follow, max-snippet:-1, max-image-preview:large, max-video-preview:-1\" \/>\n<link rel=\"canonical\" href=\"https:\/\/sevt.fica.unsl.edu.ar\/index.php\/analista-de-automatizacion\/\" \/>\n<meta property=\"og:locale\" content=\"es_ES\" \/>\n<meta property=\"og:type\" content=\"article\" \/>\n<meta property=\"og:title\" content=\"ANALISTA DE AUTOMATIZACI\u00d3N - Secretar\u00eda de Extensi\u00f3n, Vinculaci\u00f3n y Transferencia\" \/>\n<meta property=\"og:description\" content=\"\u00bfQuieres construir un futuro m\u00e1s s\u00f3lido, sustentable y cultivar tu carrera? S\u00famate al equipo global de Cargill que cuenta con 160,000 empleados que est\u00e1n comprometidos&hellip;\" \/>\n<meta property=\"og:url\" content=\"https:\/\/sevt.fica.unsl.edu.ar\/index.php\/analista-de-automatizacion\/\" \/>\n<meta property=\"og:site_name\" content=\"Secretar\u00eda de Extensi\u00f3n, Vinculaci\u00f3n y Transferencia\" \/>\n<meta property=\"article:published_time\" content=\"2023-08-07T13:50:10+00:00\" \/>\n<meta property=\"article:modified_time\" content=\"2023-08-07T14:12:46+00:00\" \/>\n<meta property=\"og:image\" content=\"https:\/\/sevt.fica.unsl.edu.ar\/wp-content\/uploads\/2023\/05\/OFERTA-LABORAL.jpg\" \/>\n\t<meta property=\"og:image:width\" content=\"1080\" \/>\n\t<meta property=\"og:image:height\" content=\"1080\" \/>\n\t<meta property=\"og:image:type\" content=\"image\/jpeg\" \/>\n<meta name=\"author\" content=\"DATI\" \/>\n<meta name=\"twitter:card\" content=\"summary_large_image\" \/>\n<meta name=\"twitter:label1\" content=\"Escrito por\" \/>\n\t<meta name=\"twitter:data1\" content=\"DATI\" \/>\n\t<meta name=\"twitter:label2\" content=\"Tiempo de lectura\" \/>\n\t<meta name=\"twitter:data2\" content=\"2 minutos\" \/>\n<script type=\"application\/ld+json\" class=\"yoast-schema-graph\">{\"@context\":\"https:\/\/schema.org\",\"@graph\":[{\"@type\":\"Article\",\"@id\":\"https:\/\/sevt.fica.unsl.edu.ar\/index.php\/analista-de-automatizacion\/#article\",\"isPartOf\":{\"@id\":\"https:\/\/sevt.fica.unsl.edu.ar\/index.php\/analista-de-automatizacion\/\"},\"author\":{\"name\":\"DATI\",\"@id\":\"https:\/\/sevt.fica.unsl.edu.ar\/#\/schema\/person\/39f8490576c1fadc0183ccacf3f7e14a\"},\"headline\":\"ANALISTA DE AUTOMATIZACI\u00d3N\",\"datePublished\":\"2023-08-07T13:50:10+00:00\",\"dateModified\":\"2023-08-07T14:12:46+00:00\",\"mainEntityOfPage\":{\"@id\":\"https:\/\/sevt.fica.unsl.edu.ar\/index.php\/analista-de-automatizacion\/\"},\"wordCount\":433,\"publisher\":{\"@id\":\"https:\/\/sevt.fica.unsl.edu.ar\/#organization\"},\"image\":{\"@id\":\"https:\/\/sevt.fica.unsl.edu.ar\/index.php\/analista-de-automatizacion\/#primaryimage\"},\"thumbnailUrl\":\"https:\/\/sevt.fica.unsl.edu.ar\/wp-content\/uploads\/2023\/05\/OFERTA-LABORAL.jpg\",\"articleSection\":[\"Noticias\"],\"inLanguage\":\"es-AR\"},{\"@type\":\"WebPage\",\"@id\":\"https:\/\/sevt.fica.unsl.edu.ar\/index.php\/analista-de-automatizacion\/\",\"url\":\"https:\/\/sevt.fica.unsl.edu.ar\/index.php\/analista-de-automatizacion\/\",\"name\":\"ANALISTA DE AUTOMATIZACI\u00d3N - Secretar\u00eda de Extensi\u00f3n, Vinculaci\u00f3n y Transferencia\",\"isPartOf\":{\"@id\":\"https:\/\/sevt.fica.unsl.edu.ar\/#website\"},\"primaryImageOfPage\":{\"@id\":\"https:\/\/sevt.fica.unsl.edu.ar\/index.php\/analista-de-automatizacion\/#primaryimage\"},\"image\":{\"@id\":\"https:\/\/sevt.fica.unsl.edu.ar\/index.php\/analista-de-automatizacion\/#primaryimage\"},\"thumbnailUrl\":\"https:\/\/sevt.fica.unsl.edu.ar\/wp-content\/uploads\/2023\/05\/OFERTA-LABORAL.jpg\",\"datePublished\":\"2023-08-07T13:50:10+00:00\",\"dateModified\":\"2023-08-07T14:12:46+00:00\",\"breadcrumb\":{\"@id\":\"https:\/\/sevt.fica.unsl.edu.ar\/index.php\/analista-de-automatizacion\/#breadcrumb\"},\"inLanguage\":\"es-AR\",\"potentialAction\":[{\"@type\":\"ReadAction\",\"target\":[\"https:\/\/sevt.fica.unsl.edu.ar\/index.php\/analista-de-automatizacion\/\"]}]},{\"@type\":\"ImageObject\",\"inLanguage\":\"es-AR\",\"@id\":\"https:\/\/sevt.fica.unsl.edu.ar\/index.php\/analista-de-automatizacion\/#primaryimage\",\"url\":\"https:\/\/sevt.fica.unsl.edu.ar\/wp-content\/uploads\/2023\/05\/OFERTA-LABORAL.jpg\",\"contentUrl\":\"https:\/\/sevt.fica.unsl.edu.ar\/wp-content\/uploads\/2023\/05\/OFERTA-LABORAL.jpg\",\"width\":1080,\"height\":1080},{\"@type\":\"BreadcrumbList\",\"@id\":\"https:\/\/sevt.fica.unsl.edu.ar\/index.php\/analista-de-automatizacion\/#breadcrumb\",\"itemListElement\":[{\"@type\":\"ListItem\",\"position\":1,\"name\":\"Inicio\",\"item\":\"https:\/\/sevt.fica.unsl.edu.ar\/\"},{\"@type\":\"ListItem\",\"position\":2,\"name\":\"ANALISTA DE AUTOMATIZACI\u00d3N\"}]},{\"@type\":\"WebSite\",\"@id\":\"https:\/\/sevt.fica.unsl.edu.ar\/#website\",\"url\":\"https:\/\/sevt.fica.unsl.edu.ar\/\",\"name\":\"Secretar\u00eda de Extensi\u00f3n, Vinculaci\u00f3n y Transferencia\",\"description\":\"SEVT\",\"publisher\":{\"@id\":\"https:\/\/sevt.fica.unsl.edu.ar\/#organization\"},\"potentialAction\":[{\"@type\":\"SearchAction\",\"target\":{\"@type\":\"EntryPoint\",\"urlTemplate\":\"https:\/\/sevt.fica.unsl.edu.ar\/?s={search_term_string}\"},\"query-input\":{\"@type\":\"PropertyValueSpecification\",\"valueRequired\":true,\"valueName\":\"search_term_string\"}}],\"inLanguage\":\"es-AR\"},{\"@type\":\"Organization\",\"@id\":\"https:\/\/sevt.fica.unsl.edu.ar\/#organization\",\"name\":\"SEVT- Secretar\u00eda de Extensi\u00f3n, Vinculaci\u00f3n y Transferencia\",\"url\":\"https:\/\/sevt.fica.unsl.edu.ar\/\",\"logo\":{\"@type\":\"ImageObject\",\"inLanguage\":\"es-AR\",\"@id\":\"https:\/\/sevt.fica.unsl.edu.ar\/#\/schema\/logo\/image\/\",\"url\":\"https:\/\/sevt.fica.unsl.edu.ar\/wp-content\/uploads\/2020\/11\/SAC.png\",\"contentUrl\":\"https:\/\/sevt.fica.unsl.edu.ar\/wp-content\/uploads\/2020\/11\/SAC.png\",\"width\":4484,\"height\":1231,\"caption\":\"SEVT- Secretar\u00eda de Extensi\u00f3n, Vinculaci\u00f3n y Transferencia\"},\"image\":{\"@id\":\"https:\/\/sevt.fica.unsl.edu.ar\/#\/schema\/logo\/image\/\"}},{\"@type\":\"Person\",\"@id\":\"https:\/\/sevt.fica.unsl.edu.ar\/#\/schema\/person\/39f8490576c1fadc0183ccacf3f7e14a\",\"name\":\"DATI\",\"url\":\"https:\/\/sevt.fica.unsl.edu.ar\/index.php\/author\/sistemasdati\/\"}]}<\/script>\n<!-- \/ Yoast SEO plugin. -->","yoast_head_json":{"title":"ANALISTA DE AUTOMATIZACI\u00d3N - Secretar\u00eda de Extensi\u00f3n, Vinculaci\u00f3n y Transferencia","robots":{"index":"index","follow":"follow","max-snippet":"max-snippet:-1","max-image-preview":"max-image-preview:large","max-video-preview":"max-video-preview:-1"},"canonical":"https:\/\/sevt.fica.unsl.edu.ar\/index.php\/analista-de-automatizacion\/","og_locale":"es_ES","og_type":"article","og_title":"ANALISTA DE AUTOMATIZACI\u00d3N - Secretar\u00eda de Extensi\u00f3n, Vinculaci\u00f3n y Transferencia","og_description":"\u00bfQuieres construir un futuro m\u00e1s s\u00f3lido, sustentable y cultivar tu carrera? S\u00famate al equipo global de Cargill que cuenta con 160,000 empleados que est\u00e1n comprometidos&hellip;","og_url":"https:\/\/sevt.fica.unsl.edu.ar\/index.php\/analista-de-automatizacion\/","og_site_name":"Secretar\u00eda de Extensi\u00f3n, Vinculaci\u00f3n y Transferencia","article_published_time":"2023-08-07T13:50:10+00:00","article_modified_time":"2023-08-07T14:12:46+00:00","og_image":[{"width":1080,"height":1080,"url":"https:\/\/sevt.fica.unsl.edu.ar\/wp-content\/uploads\/2023\/05\/OFERTA-LABORAL.jpg","type":"image\/jpeg"}],"author":"DATI","twitter_card":"summary_large_image","twitter_misc":{"Escrito por":"DATI","Tiempo de lectura":"2 minutos"},"schema":{"@context":"https:\/\/schema.org","@graph":[{"@type":"Article","@id":"https:\/\/sevt.fica.unsl.edu.ar\/index.php\/analista-de-automatizacion\/#article","isPartOf":{"@id":"https:\/\/sevt.fica.unsl.edu.ar\/index.php\/analista-de-automatizacion\/"},"author":{"name":"DATI","@id":"https:\/\/sevt.fica.unsl.edu.ar\/#\/schema\/person\/39f8490576c1fadc0183ccacf3f7e14a"},"headline":"ANALISTA DE AUTOMATIZACI\u00d3N","datePublished":"2023-08-07T13:50:10+00:00","dateModified":"2023-08-07T14:12:46+00:00","mainEntityOfPage":{"@id":"https:\/\/sevt.fica.unsl.edu.ar\/index.php\/analista-de-automatizacion\/"},"wordCount":433,"publisher":{"@id":"https:\/\/sevt.fica.unsl.edu.ar\/#organization"},"image":{"@id":"https:\/\/sevt.fica.unsl.edu.ar\/index.php\/analista-de-automatizacion\/#primaryimage"},"thumbnailUrl":"https:\/\/sevt.fica.unsl.edu.ar\/wp-content\/uploads\/2023\/05\/OFERTA-LABORAL.jpg","articleSection":["Noticias"],"inLanguage":"es-AR"},{"@type":"WebPage","@id":"https:\/\/sevt.fica.unsl.edu.ar\/index.php\/analista-de-automatizacion\/","url":"https:\/\/sevt.fica.unsl.edu.ar\/index.php\/analista-de-automatizacion\/","name":"ANALISTA DE AUTOMATIZACI\u00d3N - Secretar\u00eda de Extensi\u00f3n, Vinculaci\u00f3n y Transferencia","isPartOf":{"@id":"https:\/\/sevt.fica.unsl.edu.ar\/#website"},"primaryImageOfPage":{"@id":"https:\/\/sevt.fica.unsl.edu.ar\/index.php\/analista-de-automatizacion\/#primaryimage"},"image":{"@id":"https:\/\/sevt.fica.unsl.edu.ar\/index.php\/analista-de-automatizacion\/#primaryimage"},"thumbnailUrl":"https:\/\/sevt.fica.unsl.edu.ar\/wp-content\/uploads\/2023\/05\/OFERTA-LABORAL.jpg","datePublished":"2023-08-07T13:50:10+00:00","dateModified":"2023-08-07T14:12:46+00:00","breadcrumb":{"@id":"https:\/\/sevt.fica.unsl.edu.ar\/index.php\/analista-de-automatizacion\/#breadcrumb"},"inLanguage":"es-AR","potentialAction":[{"@type":"ReadAction","target":["https:\/\/sevt.fica.unsl.edu.ar\/index.php\/analista-de-automatizacion\/"]}]},{"@type":"ImageObject","inLanguage":"es-AR","@id":"https:\/\/sevt.fica.unsl.edu.ar\/index.php\/analista-de-automatizacion\/#primaryimage","url":"https:\/\/sevt.fica.unsl.edu.ar\/wp-content\/uploads\/2023\/05\/OFERTA-LABORAL.jpg","contentUrl":"https:\/\/sevt.fica.unsl.edu.ar\/wp-content\/uploads\/2023\/05\/OFERTA-LABORAL.jpg","width":1080,"height":1080},{"@type":"BreadcrumbList","@id":"https:\/\/sevt.fica.unsl.edu.ar\/index.php\/analista-de-automatizacion\/#breadcrumb","itemListElement":[{"@type":"ListItem","position":1,"name":"Inicio","item":"https:\/\/sevt.fica.unsl.edu.ar\/"},{"@type":"ListItem","position":2,"name":"ANALISTA DE AUTOMATIZACI\u00d3N"}]},{"@type":"WebSite","@id":"https:\/\/sevt.fica.unsl.edu.ar\/#website","url":"https:\/\/sevt.fica.unsl.edu.ar\/","name":"Secretar\u00eda de Extensi\u00f3n, Vinculaci\u00f3n y Transferencia","description":"SEVT","publisher":{"@id":"https:\/\/sevt.fica.unsl.edu.ar\/#organization"},"potentialAction":[{"@type":"SearchAction","target":{"@type":"EntryPoint","urlTemplate":"https:\/\/sevt.fica.unsl.edu.ar\/?s={search_term_string}"},"query-input":{"@type":"PropertyValueSpecification","valueRequired":true,"valueName":"search_term_string"}}],"inLanguage":"es-AR"},{"@type":"Organization","@id":"https:\/\/sevt.fica.unsl.edu.ar\/#organization","name":"SEVT- Secretar\u00eda de Extensi\u00f3n, Vinculaci\u00f3n y Transferencia","url":"https:\/\/sevt.fica.unsl.edu.ar\/","logo":{"@type":"ImageObject","inLanguage":"es-AR","@id":"https:\/\/sevt.fica.unsl.edu.ar\/#\/schema\/logo\/image\/","url":"https:\/\/sevt.fica.unsl.edu.ar\/wp-content\/uploads\/2020\/11\/SAC.png","contentUrl":"https:\/\/sevt.fica.unsl.edu.ar\/wp-content\/uploads\/2020\/11\/SAC.png","width":4484,"height":1231,"caption":"SEVT- Secretar\u00eda de Extensi\u00f3n, Vinculaci\u00f3n y Transferencia"},"image":{"@id":"https:\/\/sevt.fica.unsl.edu.ar\/#\/schema\/logo\/image\/"}},{"@type":"Person","@id":"https:\/\/sevt.fica.unsl.edu.ar\/#\/schema\/person\/39f8490576c1fadc0183ccacf3f7e14a","name":"DATI","url":"https:\/\/sevt.fica.unsl.edu.ar\/index.php\/author\/sistemasdati\/"}]}},"_links":{"self":[{"href":"https:\/\/sevt.fica.unsl.edu.ar\/index.php\/wp-json\/wp\/v2\/posts\/1976","targetHints":{"allow":["GET"]}}],"collection":[{"href":"https:\/\/sevt.fica.unsl.edu.ar\/index.php\/wp-json\/wp\/v2\/posts"}],"about":[{"href":"https:\/\/sevt.fica.unsl.edu.ar\/index.php\/wp-json\/wp\/v2\/types\/post"}],"author":[{"embeddable":true,"href":"https:\/\/sevt.fica.unsl.edu.ar\/index.php\/wp-json\/wp\/v2\/users\/5"}],"replies":[{"embeddable":true,"href":"https:\/\/sevt.fica.unsl.edu.ar\/index.php\/wp-json\/wp\/v2\/comments?post=1976"}],"version-history":[{"count":2,"href":"https:\/\/sevt.fica.unsl.edu.ar\/index.php\/wp-json\/wp\/v2\/posts\/1976\/revisions"}],"predecessor-version":[{"id":1985,"href":"https:\/\/sevt.fica.unsl.edu.ar\/index.php\/wp-json\/wp\/v2\/posts\/1976\/revisions\/1985"}],"wp:featuredmedia":[{"embeddable":true,"href":"https:\/\/sevt.fica.unsl.edu.ar\/index.php\/wp-json\/wp\/v2\/media\/1925"}],"wp:attachment":[{"href":"https:\/\/sevt.fica.unsl.edu.ar\/index.php\/wp-json\/wp\/v2\/media?parent=1976"}],"wp:term":[{"taxonomy":"category","embeddable":true,"href":"https:\/\/sevt.fica.unsl.edu.ar\/index.php\/wp-json\/wp\/v2\/categories?post=1976"},{"taxonomy":"post_tag","embeddable":true,"href":"https:\/\/sevt.fica.unsl.edu.ar\/index.php\/wp-json\/wp\/v2\/tags?post=1976"}],"curies":[{"name":"wp","href":"https:\/\/api.w.org\/{rel}","templated":true}]}}