{"id":1966,"date":"2023-07-31T11:47:33","date_gmt":"2023-07-31T14:47:33","guid":{"rendered":"http:\/\/10.101.10.196\/sevt\/?p=1966"},"modified":"2023-07-31T11:47:33","modified_gmt":"2023-07-31T14:47:33","slug":"charla-abierta-fortineras-cuarteleras-y-cautivas-vidas-silenciadas-en-la-historia-argentina","status":"publish","type":"post","link":"https:\/\/sevt.fica.unsl.edu.ar\/index.php\/charla-abierta-fortineras-cuarteleras-y-cautivas-vidas-silenciadas-en-la-historia-argentina\/","title":{"rendered":"Charla abierta: \u201cFortineras, cuarteleras y cautivas: vidas silenciadas en la historia argentina\u201d"},"content":{"rendered":"<p><strong>La historiadora Cintia Mart\u00ednez visita la ciudad de San Luis para brindar la charla abierta a todo p\u00fablico, titulada \u201cFortineras, cuarteleras y cautivas: vidas silenciadas en la historia argentina\u201d.<\/strong><\/p>\n<p>La cita es el\u00a0<strong>jueves 3 de agosto, a las 11 hs, en el Auditorio Mauricio L\u00f3pez<\/strong>. Invitamos a estudiantes, docentes y p\u00fablico general a participar y aprovechar este encuentro con una especialista de la tem\u00e1tica.<\/p>\n<p><strong>Cintia Mart\u00ednez<\/strong>\u00a0es Licenciada en Ense\u00f1anza de la Historia, Profesora de Historia y Formaci\u00f3n \u00c9tica, Diplomada Universitaria en Historia Argentina y Latinoamericana, Especialista Docente en Problem\u00e1ticas en las Ciencias Sociales y su Ense\u00f1anza, y Diplomada de Posgrado en Pr\u00e1ctica Docente en el Nivel Superior.<\/p>\n<p>En la actualidad desempe\u00f1a su labor en Villa Mercedes, y se encuentra abocada a investigar sobre las luchas y resistencias que debieron afrontar las mujeres de San Luis para poder estudiar en la universidad y por consiguiente el legado de las pioneras que abrieron el camino de las generaciones que les sucedieron.<\/p>\n<p><strong>Invitan:<\/strong>\u00a0Secretar\u00eda de Extensi\u00f3n Universitaria (UNSL), C\u00e1tedra de Historia Argentina y Americana (FCH-UNSL), y Junta de Historia de San Luis.<\/p>\n","protected":false},"excerpt":{"rendered":"<p>La historiadora Cintia Mart\u00ednez visita la ciudad de San Luis para brindar la charla abierta a todo p\u00fablico, titulada \u201cFortineras, cuarteleras y cautivas: vidas silenciadas&hellip;<\/p>\n","protected":false},"author":5,"featured_media":1967,"comment_status":"closed","ping_status":"closed","sticky":false,"template":"","format":"standard","meta":{"_monsterinsights_skip_tracking":false,"_monsterinsights_sitenote_active":false,"_monsterinsights_sitenote_note":"","_monsterinsights_sitenote_category":0,"footnotes":""},"categories":[1],"tags":[],"class_list":["post-1966","post","type-post","status-publish","format-standard","has-post-thumbnail","hentry","category-noticias"],"yoast_head":"<!-- This site is optimized with the Yoast SEO plugin v27.0 - https:\/\/yoast.com\/product\/yoast-seo-wordpress\/ -->\n<title>Charla abierta: \u201cFortineras, cuarteleras y cautivas: vidas silenciadas en la historia argentina\u201d - Secretar\u00eda de Extensi\u00f3n, Vinculaci\u00f3n y Transferencia<\/title>\n<meta name=\"robots\" content=\"index, follow, max-snippet:-1, max-image-preview:large, max-video-preview:-1\" \/>\n<link rel=\"canonical\" href=\"https:\/\/sevt.fica.unsl.edu.ar\/index.php\/charla-abierta-fortineras-cuarteleras-y-cautivas-vidas-silenciadas-en-la-historia-argentina\/\" \/>\n<meta property=\"og:locale\" content=\"es_ES\" \/>\n<meta property=\"og:type\" content=\"article\" \/>\n<meta property=\"og:title\" content=\"Charla abierta: \u201cFortineras, cuarteleras y cautivas: vidas silenciadas en la historia argentina\u201d - Secretar\u00eda de Extensi\u00f3n, Vinculaci\u00f3n y Transferencia\" \/>\n<meta property=\"og:description\" content=\"La historiadora Cintia Mart\u00ednez visita la ciudad de San Luis para brindar la charla abierta a todo p\u00fablico, titulada \u201cFortineras, cuarteleras y cautivas: vidas silenciadas&hellip;\" \/>\n<meta property=\"og:url\" content=\"https:\/\/sevt.fica.unsl.edu.ar\/index.php\/charla-abierta-fortineras-cuarteleras-y-cautivas-vidas-silenciadas-en-la-historia-argentina\/\" \/>\n<meta property=\"og:site_name\" content=\"Secretar\u00eda de Extensi\u00f3n, Vinculaci\u00f3n y Transferencia\" \/>\n<meta property=\"article:published_time\" content=\"2023-07-31T14:47:33+00:00\" \/>\n<meta property=\"og:image\" content=\"https:\/\/sevt.fica.unsl.edu.ar\/wp-content\/uploads\/2023\/07\/Fortineras-cuarteleras-y-cautivas-vidas-silenciadas-en-la-historia-argentina-3.png\" \/>\n\t<meta property=\"og:image:width\" content=\"1080\" \/>\n\t<meta property=\"og:image:height\" content=\"1080\" \/>\n\t<meta property=\"og:image:type\" content=\"image\/png\" \/>\n<meta name=\"author\" content=\"DATI\" \/>\n<meta name=\"twitter:card\" content=\"summary_large_image\" \/>\n<meta name=\"twitter:label1\" content=\"Escrito por\" \/>\n\t<meta name=\"twitter:data1\" content=\"DATI\" \/>\n\t<meta name=\"twitter:label2\" content=\"Tiempo de lectura\" \/>\n\t<meta name=\"twitter:data2\" content=\"1 minuto\" \/>\n<script type=\"application\/ld+json\" class=\"yoast-schema-graph\">{\"@context\":\"https:\/\/schema.org\",\"@graph\":[{\"@type\":\"Article\",\"@id\":\"https:\/\/sevt.fica.unsl.edu.ar\/index.php\/charla-abierta-fortineras-cuarteleras-y-cautivas-vidas-silenciadas-en-la-historia-argentina\/#article\",\"isPartOf\":{\"@id\":\"https:\/\/sevt.fica.unsl.edu.ar\/index.php\/charla-abierta-fortineras-cuarteleras-y-cautivas-vidas-silenciadas-en-la-historia-argentina\/\"},\"author\":{\"name\":\"DATI\",\"@id\":\"https:\/\/sevt.fica.unsl.edu.ar\/#\/schema\/person\/39f8490576c1fadc0183ccacf3f7e14a\"},\"headline\":\"Charla abierta: \u201cFortineras, cuarteleras y cautivas: vidas silenciadas en la historia argentina\u201d\",\"datePublished\":\"2023-07-31T14:47:33+00:00\",\"mainEntityOfPage\":{\"@id\":\"https:\/\/sevt.fica.unsl.edu.ar\/index.php\/charla-abierta-fortineras-cuarteleras-y-cautivas-vidas-silenciadas-en-la-historia-argentina\/\"},\"wordCount\":206,\"publisher\":{\"@id\":\"https:\/\/sevt.fica.unsl.edu.ar\/#organization\"},\"image\":{\"@id\":\"https:\/\/sevt.fica.unsl.edu.ar\/index.php\/charla-abierta-fortineras-cuarteleras-y-cautivas-vidas-silenciadas-en-la-historia-argentina\/#primaryimage\"},\"thumbnailUrl\":\"https:\/\/sevt.fica.unsl.edu.ar\/wp-content\/uploads\/2023\/07\/Fortineras-cuarteleras-y-cautivas-vidas-silenciadas-en-la-historia-argentina-3.png\",\"articleSection\":[\"Noticias\"],\"inLanguage\":\"es-AR\"},{\"@type\":\"WebPage\",\"@id\":\"https:\/\/sevt.fica.unsl.edu.ar\/index.php\/charla-abierta-fortineras-cuarteleras-y-cautivas-vidas-silenciadas-en-la-historia-argentina\/\",\"url\":\"https:\/\/sevt.fica.unsl.edu.ar\/index.php\/charla-abierta-fortineras-cuarteleras-y-cautivas-vidas-silenciadas-en-la-historia-argentina\/\",\"name\":\"Charla abierta: \u201cFortineras, cuarteleras y cautivas: vidas silenciadas en la historia argentina\u201d - Secretar\u00eda de Extensi\u00f3n, Vinculaci\u00f3n y Transferencia\",\"isPartOf\":{\"@id\":\"https:\/\/sevt.fica.unsl.edu.ar\/#website\"},\"primaryImageOfPage\":{\"@id\":\"https:\/\/sevt.fica.unsl.edu.ar\/index.php\/charla-abierta-fortineras-cuarteleras-y-cautivas-vidas-silenciadas-en-la-historia-argentina\/#primaryimage\"},\"image\":{\"@id\":\"https:\/\/sevt.fica.unsl.edu.ar\/index.php\/charla-abierta-fortineras-cuarteleras-y-cautivas-vidas-silenciadas-en-la-historia-argentina\/#primaryimage\"},\"thumbnailUrl\":\"https:\/\/sevt.fica.unsl.edu.ar\/wp-content\/uploads\/2023\/07\/Fortineras-cuarteleras-y-cautivas-vidas-silenciadas-en-la-historia-argentina-3.png\",\"datePublished\":\"2023-07-31T14:47:33+00:00\",\"breadcrumb\":{\"@id\":\"https:\/\/sevt.fica.unsl.edu.ar\/index.php\/charla-abierta-fortineras-cuarteleras-y-cautivas-vidas-silenciadas-en-la-historia-argentina\/#breadcrumb\"},\"inLanguage\":\"es-AR\",\"potentialAction\":[{\"@type\":\"ReadAction\",\"target\":[\"https:\/\/sevt.fica.unsl.edu.ar\/index.php\/charla-abierta-fortineras-cuarteleras-y-cautivas-vidas-silenciadas-en-la-historia-argentina\/\"]}]},{\"@type\":\"ImageObject\",\"inLanguage\":\"es-AR\",\"@id\":\"https:\/\/sevt.fica.unsl.edu.ar\/index.php\/charla-abierta-fortineras-cuarteleras-y-cautivas-vidas-silenciadas-en-la-historia-argentina\/#primaryimage\",\"url\":\"https:\/\/sevt.fica.unsl.edu.ar\/wp-content\/uploads\/2023\/07\/Fortineras-cuarteleras-y-cautivas-vidas-silenciadas-en-la-historia-argentina-3.png\",\"contentUrl\":\"https:\/\/sevt.fica.unsl.edu.ar\/wp-content\/uploads\/2023\/07\/Fortineras-cuarteleras-y-cautivas-vidas-silenciadas-en-la-historia-argentina-3.png\",\"width\":1080,\"height\":1080},{\"@type\":\"BreadcrumbList\",\"@id\":\"https:\/\/sevt.fica.unsl.edu.ar\/index.php\/charla-abierta-fortineras-cuarteleras-y-cautivas-vidas-silenciadas-en-la-historia-argentina\/#breadcrumb\",\"itemListElement\":[{\"@type\":\"ListItem\",\"position\":1,\"name\":\"Inicio\",\"item\":\"https:\/\/sevt.fica.unsl.edu.ar\/\"},{\"@type\":\"ListItem\",\"position\":2,\"name\":\"Charla abierta: \u201cFortineras, cuarteleras y cautivas: vidas silenciadas en la historia argentina\u201d\"}]},{\"@type\":\"WebSite\",\"@id\":\"https:\/\/sevt.fica.unsl.edu.ar\/#website\",\"url\":\"https:\/\/sevt.fica.unsl.edu.ar\/\",\"name\":\"Secretar\u00eda de Extensi\u00f3n, Vinculaci\u00f3n y Transferencia\",\"description\":\"SEVT\",\"publisher\":{\"@id\":\"https:\/\/sevt.fica.unsl.edu.ar\/#organization\"},\"potentialAction\":[{\"@type\":\"SearchAction\",\"target\":{\"@type\":\"EntryPoint\",\"urlTemplate\":\"https:\/\/sevt.fica.unsl.edu.ar\/?s={search_term_string}\"},\"query-input\":{\"@type\":\"PropertyValueSpecification\",\"valueRequired\":true,\"valueName\":\"search_term_string\"}}],\"inLanguage\":\"es-AR\"},{\"@type\":\"Organization\",\"@id\":\"https:\/\/sevt.fica.unsl.edu.ar\/#organization\",\"name\":\"SEVT- Secretar\u00eda de Extensi\u00f3n, Vinculaci\u00f3n y Transferencia\",\"url\":\"https:\/\/sevt.fica.unsl.edu.ar\/\",\"logo\":{\"@type\":\"ImageObject\",\"inLanguage\":\"es-AR\",\"@id\":\"https:\/\/sevt.fica.unsl.edu.ar\/#\/schema\/logo\/image\/\",\"url\":\"https:\/\/sevt.fica.unsl.edu.ar\/wp-content\/uploads\/2020\/11\/SAC.png\",\"contentUrl\":\"https:\/\/sevt.fica.unsl.edu.ar\/wp-content\/uploads\/2020\/11\/SAC.png\",\"width\":4484,\"height\":1231,\"caption\":\"SEVT- Secretar\u00eda de Extensi\u00f3n, Vinculaci\u00f3n y Transferencia\"},\"image\":{\"@id\":\"https:\/\/sevt.fica.unsl.edu.ar\/#\/schema\/logo\/image\/\"}},{\"@type\":\"Person\",\"@id\":\"https:\/\/sevt.fica.unsl.edu.ar\/#\/schema\/person\/39f8490576c1fadc0183ccacf3f7e14a\",\"name\":\"DATI\",\"url\":\"https:\/\/sevt.fica.unsl.edu.ar\/index.php\/author\/sistemasdati\/\"}]}<\/script>\n<!-- \/ Yoast SEO plugin. -->","yoast_head_json":{"title":"Charla abierta: \u201cFortineras, cuarteleras y cautivas: vidas silenciadas en la historia argentina\u201d - Secretar\u00eda de Extensi\u00f3n, Vinculaci\u00f3n y Transferencia","robots":{"index":"index","follow":"follow","max-snippet":"max-snippet:-1","max-image-preview":"max-image-preview:large","max-video-preview":"max-video-preview:-1"},"canonical":"https:\/\/sevt.fica.unsl.edu.ar\/index.php\/charla-abierta-fortineras-cuarteleras-y-cautivas-vidas-silenciadas-en-la-historia-argentina\/","og_locale":"es_ES","og_type":"article","og_title":"Charla abierta: \u201cFortineras, cuarteleras y cautivas: vidas silenciadas en la historia argentina\u201d - Secretar\u00eda de Extensi\u00f3n, Vinculaci\u00f3n y Transferencia","og_description":"La historiadora Cintia Mart\u00ednez visita la ciudad de San Luis para brindar la charla abierta a todo p\u00fablico, titulada \u201cFortineras, cuarteleras y cautivas: vidas silenciadas&hellip;","og_url":"https:\/\/sevt.fica.unsl.edu.ar\/index.php\/charla-abierta-fortineras-cuarteleras-y-cautivas-vidas-silenciadas-en-la-historia-argentina\/","og_site_name":"Secretar\u00eda de Extensi\u00f3n, Vinculaci\u00f3n y Transferencia","article_published_time":"2023-07-31T14:47:33+00:00","og_image":[{"width":1080,"height":1080,"url":"https:\/\/sevt.fica.unsl.edu.ar\/wp-content\/uploads\/2023\/07\/Fortineras-cuarteleras-y-cautivas-vidas-silenciadas-en-la-historia-argentina-3.png","type":"image\/png"}],"author":"DATI","twitter_card":"summary_large_image","twitter_misc":{"Escrito por":"DATI","Tiempo de lectura":"1 minuto"},"schema":{"@context":"https:\/\/schema.org","@graph":[{"@type":"Article","@id":"https:\/\/sevt.fica.unsl.edu.ar\/index.php\/charla-abierta-fortineras-cuarteleras-y-cautivas-vidas-silenciadas-en-la-historia-argentina\/#article","isPartOf":{"@id":"https:\/\/sevt.fica.unsl.edu.ar\/index.php\/charla-abierta-fortineras-cuarteleras-y-cautivas-vidas-silenciadas-en-la-historia-argentina\/"},"author":{"name":"DATI","@id":"https:\/\/sevt.fica.unsl.edu.ar\/#\/schema\/person\/39f8490576c1fadc0183ccacf3f7e14a"},"headline":"Charla abierta: \u201cFortineras, cuarteleras y cautivas: vidas silenciadas en la historia argentina\u201d","datePublished":"2023-07-31T14:47:33+00:00","mainEntityOfPage":{"@id":"https:\/\/sevt.fica.unsl.edu.ar\/index.php\/charla-abierta-fortineras-cuarteleras-y-cautivas-vidas-silenciadas-en-la-historia-argentina\/"},"wordCount":206,"publisher":{"@id":"https:\/\/sevt.fica.unsl.edu.ar\/#organization"},"image":{"@id":"https:\/\/sevt.fica.unsl.edu.ar\/index.php\/charla-abierta-fortineras-cuarteleras-y-cautivas-vidas-silenciadas-en-la-historia-argentina\/#primaryimage"},"thumbnailUrl":"https:\/\/sevt.fica.unsl.edu.ar\/wp-content\/uploads\/2023\/07\/Fortineras-cuarteleras-y-cautivas-vidas-silenciadas-en-la-historia-argentina-3.png","articleSection":["Noticias"],"inLanguage":"es-AR"},{"@type":"WebPage","@id":"https:\/\/sevt.fica.unsl.edu.ar\/index.php\/charla-abierta-fortineras-cuarteleras-y-cautivas-vidas-silenciadas-en-la-historia-argentina\/","url":"https:\/\/sevt.fica.unsl.edu.ar\/index.php\/charla-abierta-fortineras-cuarteleras-y-cautivas-vidas-silenciadas-en-la-historia-argentina\/","name":"Charla abierta: \u201cFortineras, cuarteleras y cautivas: vidas silenciadas en la historia argentina\u201d - Secretar\u00eda de Extensi\u00f3n, Vinculaci\u00f3n y Transferencia","isPartOf":{"@id":"https:\/\/sevt.fica.unsl.edu.ar\/#website"},"primaryImageOfPage":{"@id":"https:\/\/sevt.fica.unsl.edu.ar\/index.php\/charla-abierta-fortineras-cuarteleras-y-cautivas-vidas-silenciadas-en-la-historia-argentina\/#primaryimage"},"image":{"@id":"https:\/\/sevt.fica.unsl.edu.ar\/index.php\/charla-abierta-fortineras-cuarteleras-y-cautivas-vidas-silenciadas-en-la-historia-argentina\/#primaryimage"},"thumbnailUrl":"https:\/\/sevt.fica.unsl.edu.ar\/wp-content\/uploads\/2023\/07\/Fortineras-cuarteleras-y-cautivas-vidas-silenciadas-en-la-historia-argentina-3.png","datePublished":"2023-07-31T14:47:33+00:00","breadcrumb":{"@id":"https:\/\/sevt.fica.unsl.edu.ar\/index.php\/charla-abierta-fortineras-cuarteleras-y-cautivas-vidas-silenciadas-en-la-historia-argentina\/#breadcrumb"},"inLanguage":"es-AR","potentialAction":[{"@type":"ReadAction","target":["https:\/\/sevt.fica.unsl.edu.ar\/index.php\/charla-abierta-fortineras-cuarteleras-y-cautivas-vidas-silenciadas-en-la-historia-argentina\/"]}]},{"@type":"ImageObject","inLanguage":"es-AR","@id":"https:\/\/sevt.fica.unsl.edu.ar\/index.php\/charla-abierta-fortineras-cuarteleras-y-cautivas-vidas-silenciadas-en-la-historia-argentina\/#primaryimage","url":"https:\/\/sevt.fica.unsl.edu.ar\/wp-content\/uploads\/2023\/07\/Fortineras-cuarteleras-y-cautivas-vidas-silenciadas-en-la-historia-argentina-3.png","contentUrl":"https:\/\/sevt.fica.unsl.edu.ar\/wp-content\/uploads\/2023\/07\/Fortineras-cuarteleras-y-cautivas-vidas-silenciadas-en-la-historia-argentina-3.png","width":1080,"height":1080},{"@type":"BreadcrumbList","@id":"https:\/\/sevt.fica.unsl.edu.ar\/index.php\/charla-abierta-fortineras-cuarteleras-y-cautivas-vidas-silenciadas-en-la-historia-argentina\/#breadcrumb","itemListElement":[{"@type":"ListItem","position":1,"name":"Inicio","item":"https:\/\/sevt.fica.unsl.edu.ar\/"},{"@type":"ListItem","position":2,"name":"Charla abierta: \u201cFortineras, cuarteleras y cautivas: vidas silenciadas en la historia argentina\u201d"}]},{"@type":"WebSite","@id":"https:\/\/sevt.fica.unsl.edu.ar\/#website","url":"https:\/\/sevt.fica.unsl.edu.ar\/","name":"Secretar\u00eda de Extensi\u00f3n, Vinculaci\u00f3n y Transferencia","description":"SEVT","publisher":{"@id":"https:\/\/sevt.fica.unsl.edu.ar\/#organization"},"potentialAction":[{"@type":"SearchAction","target":{"@type":"EntryPoint","urlTemplate":"https:\/\/sevt.fica.unsl.edu.ar\/?s={search_term_string}"},"query-input":{"@type":"PropertyValueSpecification","valueRequired":true,"valueName":"search_term_string"}}],"inLanguage":"es-AR"},{"@type":"Organization","@id":"https:\/\/sevt.fica.unsl.edu.ar\/#organization","name":"SEVT- Secretar\u00eda de Extensi\u00f3n, Vinculaci\u00f3n y Transferencia","url":"https:\/\/sevt.fica.unsl.edu.ar\/","logo":{"@type":"ImageObject","inLanguage":"es-AR","@id":"https:\/\/sevt.fica.unsl.edu.ar\/#\/schema\/logo\/image\/","url":"https:\/\/sevt.fica.unsl.edu.ar\/wp-content\/uploads\/2020\/11\/SAC.png","contentUrl":"https:\/\/sevt.fica.unsl.edu.ar\/wp-content\/uploads\/2020\/11\/SAC.png","width":4484,"height":1231,"caption":"SEVT- Secretar\u00eda de Extensi\u00f3n, Vinculaci\u00f3n y Transferencia"},"image":{"@id":"https:\/\/sevt.fica.unsl.edu.ar\/#\/schema\/logo\/image\/"}},{"@type":"Person","@id":"https:\/\/sevt.fica.unsl.edu.ar\/#\/schema\/person\/39f8490576c1fadc0183ccacf3f7e14a","name":"DATI","url":"https:\/\/sevt.fica.unsl.edu.ar\/index.php\/author\/sistemasdati\/"}]}},"_links":{"self":[{"href":"https:\/\/sevt.fica.unsl.edu.ar\/index.php\/wp-json\/wp\/v2\/posts\/1966","targetHints":{"allow":["GET"]}}],"collection":[{"href":"https:\/\/sevt.fica.unsl.edu.ar\/index.php\/wp-json\/wp\/v2\/posts"}],"about":[{"href":"https:\/\/sevt.fica.unsl.edu.ar\/index.php\/wp-json\/wp\/v2\/types\/post"}],"author":[{"embeddable":true,"href":"https:\/\/sevt.fica.unsl.edu.ar\/index.php\/wp-json\/wp\/v2\/users\/5"}],"replies":[{"embeddable":true,"href":"https:\/\/sevt.fica.unsl.edu.ar\/index.php\/wp-json\/wp\/v2\/comments?post=1966"}],"version-history":[{"count":1,"href":"https:\/\/sevt.fica.unsl.edu.ar\/index.php\/wp-json\/wp\/v2\/posts\/1966\/revisions"}],"predecessor-version":[{"id":1968,"href":"https:\/\/sevt.fica.unsl.edu.ar\/index.php\/wp-json\/wp\/v2\/posts\/1966\/revisions\/1968"}],"wp:featuredmedia":[{"embeddable":true,"href":"https:\/\/sevt.fica.unsl.edu.ar\/index.php\/wp-json\/wp\/v2\/media\/1967"}],"wp:attachment":[{"href":"https:\/\/sevt.fica.unsl.edu.ar\/index.php\/wp-json\/wp\/v2\/media?parent=1966"}],"wp:term":[{"taxonomy":"category","embeddable":true,"href":"https:\/\/sevt.fica.unsl.edu.ar\/index.php\/wp-json\/wp\/v2\/categories?post=1966"},{"taxonomy":"post_tag","embeddable":true,"href":"https:\/\/sevt.fica.unsl.edu.ar\/index.php\/wp-json\/wp\/v2\/tags?post=1966"}],"curies":[{"name":"wp","href":"https:\/\/api.w.org\/{rel}","templated":true}]}}