{"id":1948,"date":"2023-07-06T08:59:57","date_gmt":"2023-07-06T11:59:57","guid":{"rendered":"http:\/\/10.101.10.196\/sevt\/?p=1948"},"modified":"2023-07-06T08:59:57","modified_gmt":"2023-07-06T11:59:57","slug":"ultimos-dias-para-visitar-la-muestra-de-pintura-al-oleo","status":"publish","type":"post","link":"https:\/\/sevt.fica.unsl.edu.ar\/index.php\/ultimos-dias-para-visitar-la-muestra-de-pintura-al-oleo\/","title":{"rendered":"\u00daltimos d\u00edas para visitar la muestra de \u201cPintura al \u00d3leo\u201d"},"content":{"rendered":"<p>El Taller de Pintura al \u00d3leo de la Secretar\u00eda de Extensi\u00f3n Universitaria expone sus obras en la muestra colectiva interdisciplinaria que permanecer\u00e1 abierta en el Hall del Centro Cultural UNSL hasta el viernes 7 de julio -inclusive-.<\/p>\n<p><a href=\"http:\/\/seu.unsl.edu.ar\/index.php\/menu\/noticia\/188\" target=\"_blank\" rel=\"noopener\" data-saferedirecturl=\"https:\/\/www.google.com\/url?q=http:\/\/seu.unsl.edu.ar\/index.php\/menu\/noticia\/188&amp;source=gmail&amp;ust=1688726274831000&amp;usg=AOvVaw3YDrjOTeWbmZTXmWRcp-QK\">Informaci\u00f3n detallada<\/a><\/p>\n","protected":false},"excerpt":{"rendered":"<p>El Taller de Pintura al \u00d3leo de la Secretar\u00eda de Extensi\u00f3n Universitaria expone sus obras en la muestra colectiva interdisciplinaria que permanecer\u00e1 abierta en el&hellip;<\/p>\n","protected":false},"author":5,"featured_media":1949,"comment_status":"closed","ping_status":"closed","sticky":false,"template":"","format":"standard","meta":{"_monsterinsights_skip_tracking":false,"_monsterinsights_sitenote_active":false,"_monsterinsights_sitenote_note":"","_monsterinsights_sitenote_category":0,"footnotes":""},"categories":[1],"tags":[],"class_list":["post-1948","post","type-post","status-publish","format-standard","has-post-thumbnail","hentry","category-noticias"],"yoast_head":"<!-- This site is optimized with the Yoast SEO plugin v27.0 - https:\/\/yoast.com\/product\/yoast-seo-wordpress\/ -->\n<title>\u00daltimos d\u00edas para visitar la muestra de \u201cPintura al \u00d3leo\u201d - Secretar\u00eda de Extensi\u00f3n, Vinculaci\u00f3n y Transferencia<\/title>\n<meta name=\"robots\" content=\"index, follow, max-snippet:-1, max-image-preview:large, max-video-preview:-1\" \/>\n<link rel=\"canonical\" href=\"https:\/\/sevt.fica.unsl.edu.ar\/index.php\/ultimos-dias-para-visitar-la-muestra-de-pintura-al-oleo\/\" \/>\n<meta property=\"og:locale\" content=\"es_ES\" \/>\n<meta property=\"og:type\" content=\"article\" \/>\n<meta property=\"og:title\" content=\"\u00daltimos d\u00edas para visitar la muestra de \u201cPintura al \u00d3leo\u201d - Secretar\u00eda de Extensi\u00f3n, Vinculaci\u00f3n y Transferencia\" \/>\n<meta property=\"og:description\" content=\"El Taller de Pintura al \u00d3leo de la Secretar\u00eda de Extensi\u00f3n Universitaria expone sus obras en la muestra colectiva interdisciplinaria que permanecer\u00e1 abierta en el&hellip;\" \/>\n<meta property=\"og:url\" content=\"https:\/\/sevt.fica.unsl.edu.ar\/index.php\/ultimos-dias-para-visitar-la-muestra-de-pintura-al-oleo\/\" \/>\n<meta property=\"og:site_name\" content=\"Secretar\u00eda de Extensi\u00f3n, Vinculaci\u00f3n y Transferencia\" \/>\n<meta property=\"article:published_time\" content=\"2023-07-06T11:59:57+00:00\" \/>\n<meta property=\"og:image\" content=\"https:\/\/sevt.fica.unsl.edu.ar\/wp-content\/uploads\/2023\/07\/pintura_portada.jpg\" \/>\n\t<meta property=\"og:image:width\" content=\"1004\" \/>\n\t<meta property=\"og:image:height\" content=\"632\" \/>\n\t<meta property=\"og:image:type\" content=\"image\/jpeg\" \/>\n<meta name=\"author\" content=\"DATI\" \/>\n<meta name=\"twitter:card\" content=\"summary_large_image\" \/>\n<meta name=\"twitter:label1\" content=\"Escrito por\" \/>\n\t<meta name=\"twitter:data1\" content=\"DATI\" \/>\n\t<meta name=\"twitter:label2\" content=\"Tiempo de lectura\" \/>\n\t<meta name=\"twitter:data2\" content=\"1 minuto\" \/>\n<script type=\"application\/ld+json\" class=\"yoast-schema-graph\">{\"@context\":\"https:\/\/schema.org\",\"@graph\":[{\"@type\":\"Article\",\"@id\":\"https:\/\/sevt.fica.unsl.edu.ar\/index.php\/ultimos-dias-para-visitar-la-muestra-de-pintura-al-oleo\/#article\",\"isPartOf\":{\"@id\":\"https:\/\/sevt.fica.unsl.edu.ar\/index.php\/ultimos-dias-para-visitar-la-muestra-de-pintura-al-oleo\/\"},\"author\":{\"name\":\"DATI\",\"@id\":\"https:\/\/sevt.fica.unsl.edu.ar\/#\/schema\/person\/39f8490576c1fadc0183ccacf3f7e14a\"},\"headline\":\"\u00daltimos d\u00edas para visitar la muestra de \u201cPintura al \u00d3leo\u201d\",\"datePublished\":\"2023-07-06T11:59:57+00:00\",\"mainEntityOfPage\":{\"@id\":\"https:\/\/sevt.fica.unsl.edu.ar\/index.php\/ultimos-dias-para-visitar-la-muestra-de-pintura-al-oleo\/\"},\"wordCount\":52,\"publisher\":{\"@id\":\"https:\/\/sevt.fica.unsl.edu.ar\/#organization\"},\"image\":{\"@id\":\"https:\/\/sevt.fica.unsl.edu.ar\/index.php\/ultimos-dias-para-visitar-la-muestra-de-pintura-al-oleo\/#primaryimage\"},\"thumbnailUrl\":\"https:\/\/sevt.fica.unsl.edu.ar\/wp-content\/uploads\/2023\/07\/pintura_portada.jpg\",\"articleSection\":[\"Noticias\"],\"inLanguage\":\"es-AR\"},{\"@type\":\"WebPage\",\"@id\":\"https:\/\/sevt.fica.unsl.edu.ar\/index.php\/ultimos-dias-para-visitar-la-muestra-de-pintura-al-oleo\/\",\"url\":\"https:\/\/sevt.fica.unsl.edu.ar\/index.php\/ultimos-dias-para-visitar-la-muestra-de-pintura-al-oleo\/\",\"name\":\"\u00daltimos d\u00edas para visitar la muestra de \u201cPintura al \u00d3leo\u201d - Secretar\u00eda de Extensi\u00f3n, Vinculaci\u00f3n y Transferencia\",\"isPartOf\":{\"@id\":\"https:\/\/sevt.fica.unsl.edu.ar\/#website\"},\"primaryImageOfPage\":{\"@id\":\"https:\/\/sevt.fica.unsl.edu.ar\/index.php\/ultimos-dias-para-visitar-la-muestra-de-pintura-al-oleo\/#primaryimage\"},\"image\":{\"@id\":\"https:\/\/sevt.fica.unsl.edu.ar\/index.php\/ultimos-dias-para-visitar-la-muestra-de-pintura-al-oleo\/#primaryimage\"},\"thumbnailUrl\":\"https:\/\/sevt.fica.unsl.edu.ar\/wp-content\/uploads\/2023\/07\/pintura_portada.jpg\",\"datePublished\":\"2023-07-06T11:59:57+00:00\",\"breadcrumb\":{\"@id\":\"https:\/\/sevt.fica.unsl.edu.ar\/index.php\/ultimos-dias-para-visitar-la-muestra-de-pintura-al-oleo\/#breadcrumb\"},\"inLanguage\":\"es-AR\",\"potentialAction\":[{\"@type\":\"ReadAction\",\"target\":[\"https:\/\/sevt.fica.unsl.edu.ar\/index.php\/ultimos-dias-para-visitar-la-muestra-de-pintura-al-oleo\/\"]}]},{\"@type\":\"ImageObject\",\"inLanguage\":\"es-AR\",\"@id\":\"https:\/\/sevt.fica.unsl.edu.ar\/index.php\/ultimos-dias-para-visitar-la-muestra-de-pintura-al-oleo\/#primaryimage\",\"url\":\"https:\/\/sevt.fica.unsl.edu.ar\/wp-content\/uploads\/2023\/07\/pintura_portada.jpg\",\"contentUrl\":\"https:\/\/sevt.fica.unsl.edu.ar\/wp-content\/uploads\/2023\/07\/pintura_portada.jpg\",\"width\":1004,\"height\":632,\"caption\":\"d\u00eda mundial del - 2\"},{\"@type\":\"BreadcrumbList\",\"@id\":\"https:\/\/sevt.fica.unsl.edu.ar\/index.php\/ultimos-dias-para-visitar-la-muestra-de-pintura-al-oleo\/#breadcrumb\",\"itemListElement\":[{\"@type\":\"ListItem\",\"position\":1,\"name\":\"Inicio\",\"item\":\"https:\/\/sevt.fica.unsl.edu.ar\/\"},{\"@type\":\"ListItem\",\"position\":2,\"name\":\"\u00daltimos d\u00edas para visitar la muestra de \u201cPintura al \u00d3leo\u201d\"}]},{\"@type\":\"WebSite\",\"@id\":\"https:\/\/sevt.fica.unsl.edu.ar\/#website\",\"url\":\"https:\/\/sevt.fica.unsl.edu.ar\/\",\"name\":\"Secretar\u00eda de Extensi\u00f3n, Vinculaci\u00f3n y Transferencia\",\"description\":\"SEVT\",\"publisher\":{\"@id\":\"https:\/\/sevt.fica.unsl.edu.ar\/#organization\"},\"potentialAction\":[{\"@type\":\"SearchAction\",\"target\":{\"@type\":\"EntryPoint\",\"urlTemplate\":\"https:\/\/sevt.fica.unsl.edu.ar\/?s={search_term_string}\"},\"query-input\":{\"@type\":\"PropertyValueSpecification\",\"valueRequired\":true,\"valueName\":\"search_term_string\"}}],\"inLanguage\":\"es-AR\"},{\"@type\":\"Organization\",\"@id\":\"https:\/\/sevt.fica.unsl.edu.ar\/#organization\",\"name\":\"SEVT- Secretar\u00eda de Extensi\u00f3n, Vinculaci\u00f3n y Transferencia\",\"url\":\"https:\/\/sevt.fica.unsl.edu.ar\/\",\"logo\":{\"@type\":\"ImageObject\",\"inLanguage\":\"es-AR\",\"@id\":\"https:\/\/sevt.fica.unsl.edu.ar\/#\/schema\/logo\/image\/\",\"url\":\"https:\/\/sevt.fica.unsl.edu.ar\/wp-content\/uploads\/2020\/11\/SAC.png\",\"contentUrl\":\"https:\/\/sevt.fica.unsl.edu.ar\/wp-content\/uploads\/2020\/11\/SAC.png\",\"width\":4484,\"height\":1231,\"caption\":\"SEVT- Secretar\u00eda de Extensi\u00f3n, Vinculaci\u00f3n y Transferencia\"},\"image\":{\"@id\":\"https:\/\/sevt.fica.unsl.edu.ar\/#\/schema\/logo\/image\/\"}},{\"@type\":\"Person\",\"@id\":\"https:\/\/sevt.fica.unsl.edu.ar\/#\/schema\/person\/39f8490576c1fadc0183ccacf3f7e14a\",\"name\":\"DATI\",\"url\":\"https:\/\/sevt.fica.unsl.edu.ar\/index.php\/author\/sistemasdati\/\"}]}<\/script>\n<!-- \/ Yoast SEO plugin. -->","yoast_head_json":{"title":"\u00daltimos d\u00edas para visitar la muestra de \u201cPintura al \u00d3leo\u201d - Secretar\u00eda de Extensi\u00f3n, Vinculaci\u00f3n y Transferencia","robots":{"index":"index","follow":"follow","max-snippet":"max-snippet:-1","max-image-preview":"max-image-preview:large","max-video-preview":"max-video-preview:-1"},"canonical":"https:\/\/sevt.fica.unsl.edu.ar\/index.php\/ultimos-dias-para-visitar-la-muestra-de-pintura-al-oleo\/","og_locale":"es_ES","og_type":"article","og_title":"\u00daltimos d\u00edas para visitar la muestra de \u201cPintura al \u00d3leo\u201d - Secretar\u00eda de Extensi\u00f3n, Vinculaci\u00f3n y Transferencia","og_description":"El Taller de Pintura al \u00d3leo de la Secretar\u00eda de Extensi\u00f3n Universitaria expone sus obras en la muestra colectiva interdisciplinaria que permanecer\u00e1 abierta en el&hellip;","og_url":"https:\/\/sevt.fica.unsl.edu.ar\/index.php\/ultimos-dias-para-visitar-la-muestra-de-pintura-al-oleo\/","og_site_name":"Secretar\u00eda de Extensi\u00f3n, Vinculaci\u00f3n y Transferencia","article_published_time":"2023-07-06T11:59:57+00:00","og_image":[{"width":1004,"height":632,"url":"https:\/\/sevt.fica.unsl.edu.ar\/wp-content\/uploads\/2023\/07\/pintura_portada.jpg","type":"image\/jpeg"}],"author":"DATI","twitter_card":"summary_large_image","twitter_misc":{"Escrito por":"DATI","Tiempo de lectura":"1 minuto"},"schema":{"@context":"https:\/\/schema.org","@graph":[{"@type":"Article","@id":"https:\/\/sevt.fica.unsl.edu.ar\/index.php\/ultimos-dias-para-visitar-la-muestra-de-pintura-al-oleo\/#article","isPartOf":{"@id":"https:\/\/sevt.fica.unsl.edu.ar\/index.php\/ultimos-dias-para-visitar-la-muestra-de-pintura-al-oleo\/"},"author":{"name":"DATI","@id":"https:\/\/sevt.fica.unsl.edu.ar\/#\/schema\/person\/39f8490576c1fadc0183ccacf3f7e14a"},"headline":"\u00daltimos d\u00edas para visitar la muestra de \u201cPintura al \u00d3leo\u201d","datePublished":"2023-07-06T11:59:57+00:00","mainEntityOfPage":{"@id":"https:\/\/sevt.fica.unsl.edu.ar\/index.php\/ultimos-dias-para-visitar-la-muestra-de-pintura-al-oleo\/"},"wordCount":52,"publisher":{"@id":"https:\/\/sevt.fica.unsl.edu.ar\/#organization"},"image":{"@id":"https:\/\/sevt.fica.unsl.edu.ar\/index.php\/ultimos-dias-para-visitar-la-muestra-de-pintura-al-oleo\/#primaryimage"},"thumbnailUrl":"https:\/\/sevt.fica.unsl.edu.ar\/wp-content\/uploads\/2023\/07\/pintura_portada.jpg","articleSection":["Noticias"],"inLanguage":"es-AR"},{"@type":"WebPage","@id":"https:\/\/sevt.fica.unsl.edu.ar\/index.php\/ultimos-dias-para-visitar-la-muestra-de-pintura-al-oleo\/","url":"https:\/\/sevt.fica.unsl.edu.ar\/index.php\/ultimos-dias-para-visitar-la-muestra-de-pintura-al-oleo\/","name":"\u00daltimos d\u00edas para visitar la muestra de \u201cPintura al \u00d3leo\u201d - Secretar\u00eda de Extensi\u00f3n, Vinculaci\u00f3n y Transferencia","isPartOf":{"@id":"https:\/\/sevt.fica.unsl.edu.ar\/#website"},"primaryImageOfPage":{"@id":"https:\/\/sevt.fica.unsl.edu.ar\/index.php\/ultimos-dias-para-visitar-la-muestra-de-pintura-al-oleo\/#primaryimage"},"image":{"@id":"https:\/\/sevt.fica.unsl.edu.ar\/index.php\/ultimos-dias-para-visitar-la-muestra-de-pintura-al-oleo\/#primaryimage"},"thumbnailUrl":"https:\/\/sevt.fica.unsl.edu.ar\/wp-content\/uploads\/2023\/07\/pintura_portada.jpg","datePublished":"2023-07-06T11:59:57+00:00","breadcrumb":{"@id":"https:\/\/sevt.fica.unsl.edu.ar\/index.php\/ultimos-dias-para-visitar-la-muestra-de-pintura-al-oleo\/#breadcrumb"},"inLanguage":"es-AR","potentialAction":[{"@type":"ReadAction","target":["https:\/\/sevt.fica.unsl.edu.ar\/index.php\/ultimos-dias-para-visitar-la-muestra-de-pintura-al-oleo\/"]}]},{"@type":"ImageObject","inLanguage":"es-AR","@id":"https:\/\/sevt.fica.unsl.edu.ar\/index.php\/ultimos-dias-para-visitar-la-muestra-de-pintura-al-oleo\/#primaryimage","url":"https:\/\/sevt.fica.unsl.edu.ar\/wp-content\/uploads\/2023\/07\/pintura_portada.jpg","contentUrl":"https:\/\/sevt.fica.unsl.edu.ar\/wp-content\/uploads\/2023\/07\/pintura_portada.jpg","width":1004,"height":632,"caption":"d\u00eda mundial del - 2"},{"@type":"BreadcrumbList","@id":"https:\/\/sevt.fica.unsl.edu.ar\/index.php\/ultimos-dias-para-visitar-la-muestra-de-pintura-al-oleo\/#breadcrumb","itemListElement":[{"@type":"ListItem","position":1,"name":"Inicio","item":"https:\/\/sevt.fica.unsl.edu.ar\/"},{"@type":"ListItem","position":2,"name":"\u00daltimos d\u00edas para visitar la muestra de \u201cPintura al \u00d3leo\u201d"}]},{"@type":"WebSite","@id":"https:\/\/sevt.fica.unsl.edu.ar\/#website","url":"https:\/\/sevt.fica.unsl.edu.ar\/","name":"Secretar\u00eda de Extensi\u00f3n, Vinculaci\u00f3n y Transferencia","description":"SEVT","publisher":{"@id":"https:\/\/sevt.fica.unsl.edu.ar\/#organization"},"potentialAction":[{"@type":"SearchAction","target":{"@type":"EntryPoint","urlTemplate":"https:\/\/sevt.fica.unsl.edu.ar\/?s={search_term_string}"},"query-input":{"@type":"PropertyValueSpecification","valueRequired":true,"valueName":"search_term_string"}}],"inLanguage":"es-AR"},{"@type":"Organization","@id":"https:\/\/sevt.fica.unsl.edu.ar\/#organization","name":"SEVT- Secretar\u00eda de Extensi\u00f3n, Vinculaci\u00f3n y Transferencia","url":"https:\/\/sevt.fica.unsl.edu.ar\/","logo":{"@type":"ImageObject","inLanguage":"es-AR","@id":"https:\/\/sevt.fica.unsl.edu.ar\/#\/schema\/logo\/image\/","url":"https:\/\/sevt.fica.unsl.edu.ar\/wp-content\/uploads\/2020\/11\/SAC.png","contentUrl":"https:\/\/sevt.fica.unsl.edu.ar\/wp-content\/uploads\/2020\/11\/SAC.png","width":4484,"height":1231,"caption":"SEVT- Secretar\u00eda de Extensi\u00f3n, Vinculaci\u00f3n y Transferencia"},"image":{"@id":"https:\/\/sevt.fica.unsl.edu.ar\/#\/schema\/logo\/image\/"}},{"@type":"Person","@id":"https:\/\/sevt.fica.unsl.edu.ar\/#\/schema\/person\/39f8490576c1fadc0183ccacf3f7e14a","name":"DATI","url":"https:\/\/sevt.fica.unsl.edu.ar\/index.php\/author\/sistemasdati\/"}]}},"_links":{"self":[{"href":"https:\/\/sevt.fica.unsl.edu.ar\/index.php\/wp-json\/wp\/v2\/posts\/1948","targetHints":{"allow":["GET"]}}],"collection":[{"href":"https:\/\/sevt.fica.unsl.edu.ar\/index.php\/wp-json\/wp\/v2\/posts"}],"about":[{"href":"https:\/\/sevt.fica.unsl.edu.ar\/index.php\/wp-json\/wp\/v2\/types\/post"}],"author":[{"embeddable":true,"href":"https:\/\/sevt.fica.unsl.edu.ar\/index.php\/wp-json\/wp\/v2\/users\/5"}],"replies":[{"embeddable":true,"href":"https:\/\/sevt.fica.unsl.edu.ar\/index.php\/wp-json\/wp\/v2\/comments?post=1948"}],"version-history":[{"count":1,"href":"https:\/\/sevt.fica.unsl.edu.ar\/index.php\/wp-json\/wp\/v2\/posts\/1948\/revisions"}],"predecessor-version":[{"id":1950,"href":"https:\/\/sevt.fica.unsl.edu.ar\/index.php\/wp-json\/wp\/v2\/posts\/1948\/revisions\/1950"}],"wp:featuredmedia":[{"embeddable":true,"href":"https:\/\/sevt.fica.unsl.edu.ar\/index.php\/wp-json\/wp\/v2\/media\/1949"}],"wp:attachment":[{"href":"https:\/\/sevt.fica.unsl.edu.ar\/index.php\/wp-json\/wp\/v2\/media?parent=1948"}],"wp:term":[{"taxonomy":"category","embeddable":true,"href":"https:\/\/sevt.fica.unsl.edu.ar\/index.php\/wp-json\/wp\/v2\/categories?post=1948"},{"taxonomy":"post_tag","embeddable":true,"href":"https:\/\/sevt.fica.unsl.edu.ar\/index.php\/wp-json\/wp\/v2\/tags?post=1948"}],"curies":[{"name":"wp","href":"https:\/\/api.w.org\/{rel}","templated":true}]}}