{"id":1939,"date":"2023-06-01T10:25:24","date_gmt":"2023-06-01T13:25:24","guid":{"rendered":"http:\/\/10.101.10.196\/sevt\/?p=1939"},"modified":"2023-06-01T10:26:26","modified_gmt":"2023-06-01T13:26:26","slug":"charlas-logisiticas","status":"publish","type":"post","link":"https:\/\/sevt.fica.unsl.edu.ar\/index.php\/charlas-logisiticas\/","title":{"rendered":"CHARLAS LOG\u00cdSTICAS"},"content":{"rendered":"<p>\ud83c\udfc3\ud83c\udffb\ud83c\udfc3\ud83c\udffbHOY Jueves 01\/06\/23 8:00 PM Argentina<br \/>\nLlega la Charla #35 de Charlas Log\u00edsticas \ud83d\ude9b\ud83d\udee9\ufe0f\ud83d\ude84\ud83d\udef3\ufe0f<\/p>\n<p>La importancia de los Seguros y la Gesti\u00f3n de Riesgos en Supply Chain \u2611\ufe0f\ud83d\udeeb<\/p>\n<p>Inscribite ya! \ud83d\udc49\ud83c\udffb https:\/\/bit.ly\/CHARLA35<\/p>\n<p>En la #Charla35 de Charlas Log\u00edsticas abordaremos una tem\u00e1tica cr\u00edtica y trasversal a todas las operaciones de Supply Chain (Cadena de Suministro) en Latinoam\u00e9rica:<\/p>\n<p>\u2705 Seguros<br \/>\n\u2705 Gesti\u00f3n de Riesgos<\/p>\n<p>En la actualidad la log\u00edstica ha tomado un gran protagonismo en las empresas y en el \u00e1mbito p\u00fablico demandando la profesionalizaci\u00f3n, capacitaci\u00f3n, formaci\u00f3n en el sector en temas relacionados a todos los actores involucrados en la cadena de suministro siendo la baja de costos log\u00edsticos unos de los principales ejes de la misma.<\/p>\n<p>\ud83d\udccc Algunos interrogantes que surgen para plantear en nuestro Webinar son:<\/p>\n<p>1. \u00bfC\u00f3mo las Cadenas de Suministro fraccionan la econom\u00eda de una regi\u00f3n?<br \/>\n2. \u00bfPor qu\u00e9 las Infraestructuras son importantes para el Desarrollo Log\u00edstico y Competitivo de un pa\u00eds?<br \/>\n3. \u00bfQu\u00e9 rol cumple el Transporte en una sociedad?<br \/>\n4. \u00bfPor qu\u00e9 Los Seguros en la Log\u00edstica (tanto para las Cargas como para los Dep\u00f3sitos), juegan un rol importante?<br \/>\n5. \u00bfQu\u00e9 consideraciones tenemos que tener en cuenta?<br \/>\n6. \u00bfPor qu\u00e9 la Gesti\u00f3n de Riesgos es importante al momento de planificar?<br \/>\n7. Riesgo-Entrega-Precio-Sustentabilidad-Calidad \u00bfQu\u00e9 priorizamos?<\/p>\n<p>La Gesti\u00f3n de Riesgos en la Cadena de Suministro es una parte fundamental, dado que esta acci\u00f3n, garantiza su buen funcionamiento.<\/p>\n<p>\u2b50 Nuestros Invitados Especiales:<\/p>\n<p>Leonardo Chac\u00f3n \ud83c\udde6\ud83c\uddf7<br \/>\nGerente de Log\u00edstica en una empresa que importa diferentes tipos de materias primas para diferentes unidades de negocios, liderando el proyecto de la mudanza de la operaci\u00f3n a un Centro de Distribuci\u00f3n dentro de un polo industrial.<br \/>\nPor otro lado, desde hace 10 a\u00f1os es Asesor de Seguros de Transporte y Dep\u00f3sitos.<br \/>\nEn su Consultor\u00eda SI est\u00e1 desarrollando diferentes tipos de proyectos, que hacen un fuerte foco en la Gesti\u00f3n del Riesgo de las Cargas y la Log\u00edstica, analizando las diferentes problem\u00e1ticas del Transporte Automotor de Cargas en Argentina y en la regi\u00f3n.<\/p>\n<p>Antonio Martino \ud83c\udde6\ud83c\uddf7<br \/>\nSupervisor de tr\u00e1fico y distribuci\u00f3n.<br \/>\nT\u00e9cnico Universitario en Planificaci\u00f3n Log\u00edstica (UNLA)<br \/>\nCertificado en Puertos y V\u00edas Navegables (ITBA)<br \/>\nColaborador en diferentes proyectos log\u00edsticos.<br \/>\nCapacitador y Docente en algunas casas de estudios.<\/p>\n<p>IMPERDIBLE! \ud83c\udfc3\ud83c\udffb\ud83c\udfc3\ud83c\udffb\ud83c\udfc3\ud83c\udffb\ud83c\udfc3\ud83c\udffb<\/p>\n<p>Inscribite ya! \ud83d\udc49\ud83c\udffb https:\/\/bit.ly\/CHARLA35<\/p>\n<p>Nuestras Redes \ud83d\udc49 https:\/\/linktr.ee\/charlaslogisticas<\/p>\n<p>Los esperamos!<\/p>\n<p>Esp. Ing. Facundo M. Monti \ud83c\udde6\ud83c\uddf7<br \/>\nFundador de Charlas Log\u00edsticas<\/p>\n","protected":false},"excerpt":{"rendered":"<p>\ud83c\udfc3\ud83c\udffb\ud83c\udfc3\ud83c\udffbHOY Jueves 01\/06\/23 8:00 PM Argentina Llega la Charla #35 de Charlas Log\u00edsticas \ud83d\ude9b\ud83d\udee9\ufe0f\ud83d\ude84\ud83d\udef3\ufe0f La importancia de los Seguros y la Gesti\u00f3n de Riesgos en&hellip;<\/p>\n","protected":false},"author":5,"featured_media":1940,"comment_status":"closed","ping_status":"closed","sticky":false,"template":"","format":"standard","meta":{"_monsterinsights_skip_tracking":false,"_monsterinsights_sitenote_active":false,"_monsterinsights_sitenote_note":"","_monsterinsights_sitenote_category":0,"footnotes":""},"categories":[1],"tags":[],"class_list":["post-1939","post","type-post","status-publish","format-standard","has-post-thumbnail","hentry","category-noticias"],"yoast_head":"<!-- This site is optimized with the Yoast SEO plugin v27.0 - https:\/\/yoast.com\/product\/yoast-seo-wordpress\/ -->\n<title>CHARLAS LOG\u00cdSTICAS - Secretar\u00eda de Extensi\u00f3n, Vinculaci\u00f3n y Transferencia<\/title>\n<meta name=\"robots\" content=\"index, follow, max-snippet:-1, max-image-preview:large, max-video-preview:-1\" \/>\n<link rel=\"canonical\" href=\"https:\/\/sevt.fica.unsl.edu.ar\/index.php\/charlas-logisiticas\/\" \/>\n<meta property=\"og:locale\" content=\"es_ES\" \/>\n<meta property=\"og:type\" content=\"article\" \/>\n<meta property=\"og:title\" content=\"CHARLAS LOG\u00cdSTICAS - Secretar\u00eda de Extensi\u00f3n, Vinculaci\u00f3n y Transferencia\" \/>\n<meta property=\"og:description\" content=\"\ud83c\udfc3\ud83c\udffb\ud83c\udfc3\ud83c\udffbHOY Jueves 01\/06\/23 8:00 PM Argentina Llega la Charla #35 de Charlas Log\u00edsticas \ud83d\ude9b\ud83d\udee9\ufe0f\ud83d\ude84\ud83d\udef3\ufe0f La importancia de los Seguros y la Gesti\u00f3n de Riesgos en&hellip;\" \/>\n<meta property=\"og:url\" content=\"https:\/\/sevt.fica.unsl.edu.ar\/index.php\/charlas-logisiticas\/\" \/>\n<meta property=\"og:site_name\" content=\"Secretar\u00eda de Extensi\u00f3n, Vinculaci\u00f3n y Transferencia\" \/>\n<meta property=\"article:published_time\" content=\"2023-06-01T13:25:24+00:00\" \/>\n<meta property=\"article:modified_time\" content=\"2023-06-01T13:26:26+00:00\" \/>\n<meta property=\"og:image\" content=\"https:\/\/sevt.fica.unsl.edu.ar\/wp-content\/uploads\/2023\/06\/CHARLA-LOGISITICA.jpg\" \/>\n\t<meta property=\"og:image:width\" content=\"400\" \/>\n\t<meta property=\"og:image:height\" content=\"400\" \/>\n\t<meta property=\"og:image:type\" content=\"image\/jpeg\" \/>\n<meta name=\"author\" content=\"DATI\" \/>\n<meta name=\"twitter:card\" content=\"summary_large_image\" \/>\n<meta name=\"twitter:label1\" content=\"Escrito por\" \/>\n\t<meta name=\"twitter:data1\" content=\"DATI\" \/>\n\t<meta name=\"twitter:label2\" content=\"Tiempo de lectura\" \/>\n\t<meta name=\"twitter:data2\" content=\"2 minutos\" \/>\n<script type=\"application\/ld+json\" class=\"yoast-schema-graph\">{\"@context\":\"https:\/\/schema.org\",\"@graph\":[{\"@type\":\"Article\",\"@id\":\"https:\/\/sevt.fica.unsl.edu.ar\/index.php\/charlas-logisiticas\/#article\",\"isPartOf\":{\"@id\":\"https:\/\/sevt.fica.unsl.edu.ar\/index.php\/charlas-logisiticas\/\"},\"author\":{\"name\":\"DATI\",\"@id\":\"https:\/\/sevt.fica.unsl.edu.ar\/#\/schema\/person\/39f8490576c1fadc0183ccacf3f7e14a\"},\"headline\":\"CHARLAS LOG\u00cdSTICAS\",\"datePublished\":\"2023-06-01T13:25:24+00:00\",\"dateModified\":\"2023-06-01T13:26:26+00:00\",\"mainEntityOfPage\":{\"@id\":\"https:\/\/sevt.fica.unsl.edu.ar\/index.php\/charlas-logisiticas\/\"},\"wordCount\":415,\"publisher\":{\"@id\":\"https:\/\/sevt.fica.unsl.edu.ar\/#organization\"},\"image\":{\"@id\":\"https:\/\/sevt.fica.unsl.edu.ar\/index.php\/charlas-logisiticas\/#primaryimage\"},\"thumbnailUrl\":\"https:\/\/sevt.fica.unsl.edu.ar\/wp-content\/uploads\/2023\/06\/CHARLA-LOGISITICA.jpg\",\"articleSection\":[\"Noticias\"],\"inLanguage\":\"es-AR\"},{\"@type\":\"WebPage\",\"@id\":\"https:\/\/sevt.fica.unsl.edu.ar\/index.php\/charlas-logisiticas\/\",\"url\":\"https:\/\/sevt.fica.unsl.edu.ar\/index.php\/charlas-logisiticas\/\",\"name\":\"CHARLAS LOG\u00cdSTICAS - Secretar\u00eda de Extensi\u00f3n, Vinculaci\u00f3n y Transferencia\",\"isPartOf\":{\"@id\":\"https:\/\/sevt.fica.unsl.edu.ar\/#website\"},\"primaryImageOfPage\":{\"@id\":\"https:\/\/sevt.fica.unsl.edu.ar\/index.php\/charlas-logisiticas\/#primaryimage\"},\"image\":{\"@id\":\"https:\/\/sevt.fica.unsl.edu.ar\/index.php\/charlas-logisiticas\/#primaryimage\"},\"thumbnailUrl\":\"https:\/\/sevt.fica.unsl.edu.ar\/wp-content\/uploads\/2023\/06\/CHARLA-LOGISITICA.jpg\",\"datePublished\":\"2023-06-01T13:25:24+00:00\",\"dateModified\":\"2023-06-01T13:26:26+00:00\",\"breadcrumb\":{\"@id\":\"https:\/\/sevt.fica.unsl.edu.ar\/index.php\/charlas-logisiticas\/#breadcrumb\"},\"inLanguage\":\"es-AR\",\"potentialAction\":[{\"@type\":\"ReadAction\",\"target\":[\"https:\/\/sevt.fica.unsl.edu.ar\/index.php\/charlas-logisiticas\/\"]}]},{\"@type\":\"ImageObject\",\"inLanguage\":\"es-AR\",\"@id\":\"https:\/\/sevt.fica.unsl.edu.ar\/index.php\/charlas-logisiticas\/#primaryimage\",\"url\":\"https:\/\/sevt.fica.unsl.edu.ar\/wp-content\/uploads\/2023\/06\/CHARLA-LOGISITICA.jpg\",\"contentUrl\":\"https:\/\/sevt.fica.unsl.edu.ar\/wp-content\/uploads\/2023\/06\/CHARLA-LOGISITICA.jpg\",\"width\":400,\"height\":400},{\"@type\":\"BreadcrumbList\",\"@id\":\"https:\/\/sevt.fica.unsl.edu.ar\/index.php\/charlas-logisiticas\/#breadcrumb\",\"itemListElement\":[{\"@type\":\"ListItem\",\"position\":1,\"name\":\"Inicio\",\"item\":\"https:\/\/sevt.fica.unsl.edu.ar\/\"},{\"@type\":\"ListItem\",\"position\":2,\"name\":\"CHARLAS LOG\u00cdSTICAS\"}]},{\"@type\":\"WebSite\",\"@id\":\"https:\/\/sevt.fica.unsl.edu.ar\/#website\",\"url\":\"https:\/\/sevt.fica.unsl.edu.ar\/\",\"name\":\"Secretar\u00eda de Extensi\u00f3n, Vinculaci\u00f3n y Transferencia\",\"description\":\"SEVT\",\"publisher\":{\"@id\":\"https:\/\/sevt.fica.unsl.edu.ar\/#organization\"},\"potentialAction\":[{\"@type\":\"SearchAction\",\"target\":{\"@type\":\"EntryPoint\",\"urlTemplate\":\"https:\/\/sevt.fica.unsl.edu.ar\/?s={search_term_string}\"},\"query-input\":{\"@type\":\"PropertyValueSpecification\",\"valueRequired\":true,\"valueName\":\"search_term_string\"}}],\"inLanguage\":\"es-AR\"},{\"@type\":\"Organization\",\"@id\":\"https:\/\/sevt.fica.unsl.edu.ar\/#organization\",\"name\":\"SEVT- Secretar\u00eda de Extensi\u00f3n, Vinculaci\u00f3n y Transferencia\",\"url\":\"https:\/\/sevt.fica.unsl.edu.ar\/\",\"logo\":{\"@type\":\"ImageObject\",\"inLanguage\":\"es-AR\",\"@id\":\"https:\/\/sevt.fica.unsl.edu.ar\/#\/schema\/logo\/image\/\",\"url\":\"https:\/\/sevt.fica.unsl.edu.ar\/wp-content\/uploads\/2020\/11\/SAC.png\",\"contentUrl\":\"https:\/\/sevt.fica.unsl.edu.ar\/wp-content\/uploads\/2020\/11\/SAC.png\",\"width\":4484,\"height\":1231,\"caption\":\"SEVT- Secretar\u00eda de Extensi\u00f3n, Vinculaci\u00f3n y Transferencia\"},\"image\":{\"@id\":\"https:\/\/sevt.fica.unsl.edu.ar\/#\/schema\/logo\/image\/\"}},{\"@type\":\"Person\",\"@id\":\"https:\/\/sevt.fica.unsl.edu.ar\/#\/schema\/person\/39f8490576c1fadc0183ccacf3f7e14a\",\"name\":\"DATI\",\"url\":\"https:\/\/sevt.fica.unsl.edu.ar\/index.php\/author\/sistemasdati\/\"}]}<\/script>\n<!-- \/ Yoast SEO plugin. -->","yoast_head_json":{"title":"CHARLAS LOG\u00cdSTICAS - Secretar\u00eda de Extensi\u00f3n, Vinculaci\u00f3n y Transferencia","robots":{"index":"index","follow":"follow","max-snippet":"max-snippet:-1","max-image-preview":"max-image-preview:large","max-video-preview":"max-video-preview:-1"},"canonical":"https:\/\/sevt.fica.unsl.edu.ar\/index.php\/charlas-logisiticas\/","og_locale":"es_ES","og_type":"article","og_title":"CHARLAS LOG\u00cdSTICAS - Secretar\u00eda de Extensi\u00f3n, Vinculaci\u00f3n y Transferencia","og_description":"\ud83c\udfc3\ud83c\udffb\ud83c\udfc3\ud83c\udffbHOY Jueves 01\/06\/23 8:00 PM Argentina Llega la Charla #35 de Charlas Log\u00edsticas \ud83d\ude9b\ud83d\udee9\ufe0f\ud83d\ude84\ud83d\udef3\ufe0f La importancia de los Seguros y la Gesti\u00f3n de Riesgos en&hellip;","og_url":"https:\/\/sevt.fica.unsl.edu.ar\/index.php\/charlas-logisiticas\/","og_site_name":"Secretar\u00eda de Extensi\u00f3n, Vinculaci\u00f3n y Transferencia","article_published_time":"2023-06-01T13:25:24+00:00","article_modified_time":"2023-06-01T13:26:26+00:00","og_image":[{"width":400,"height":400,"url":"https:\/\/sevt.fica.unsl.edu.ar\/wp-content\/uploads\/2023\/06\/CHARLA-LOGISITICA.jpg","type":"image\/jpeg"}],"author":"DATI","twitter_card":"summary_large_image","twitter_misc":{"Escrito por":"DATI","Tiempo de lectura":"2 minutos"},"schema":{"@context":"https:\/\/schema.org","@graph":[{"@type":"Article","@id":"https:\/\/sevt.fica.unsl.edu.ar\/index.php\/charlas-logisiticas\/#article","isPartOf":{"@id":"https:\/\/sevt.fica.unsl.edu.ar\/index.php\/charlas-logisiticas\/"},"author":{"name":"DATI","@id":"https:\/\/sevt.fica.unsl.edu.ar\/#\/schema\/person\/39f8490576c1fadc0183ccacf3f7e14a"},"headline":"CHARLAS LOG\u00cdSTICAS","datePublished":"2023-06-01T13:25:24+00:00","dateModified":"2023-06-01T13:26:26+00:00","mainEntityOfPage":{"@id":"https:\/\/sevt.fica.unsl.edu.ar\/index.php\/charlas-logisiticas\/"},"wordCount":415,"publisher":{"@id":"https:\/\/sevt.fica.unsl.edu.ar\/#organization"},"image":{"@id":"https:\/\/sevt.fica.unsl.edu.ar\/index.php\/charlas-logisiticas\/#primaryimage"},"thumbnailUrl":"https:\/\/sevt.fica.unsl.edu.ar\/wp-content\/uploads\/2023\/06\/CHARLA-LOGISITICA.jpg","articleSection":["Noticias"],"inLanguage":"es-AR"},{"@type":"WebPage","@id":"https:\/\/sevt.fica.unsl.edu.ar\/index.php\/charlas-logisiticas\/","url":"https:\/\/sevt.fica.unsl.edu.ar\/index.php\/charlas-logisiticas\/","name":"CHARLAS LOG\u00cdSTICAS - Secretar\u00eda de Extensi\u00f3n, Vinculaci\u00f3n y Transferencia","isPartOf":{"@id":"https:\/\/sevt.fica.unsl.edu.ar\/#website"},"primaryImageOfPage":{"@id":"https:\/\/sevt.fica.unsl.edu.ar\/index.php\/charlas-logisiticas\/#primaryimage"},"image":{"@id":"https:\/\/sevt.fica.unsl.edu.ar\/index.php\/charlas-logisiticas\/#primaryimage"},"thumbnailUrl":"https:\/\/sevt.fica.unsl.edu.ar\/wp-content\/uploads\/2023\/06\/CHARLA-LOGISITICA.jpg","datePublished":"2023-06-01T13:25:24+00:00","dateModified":"2023-06-01T13:26:26+00:00","breadcrumb":{"@id":"https:\/\/sevt.fica.unsl.edu.ar\/index.php\/charlas-logisiticas\/#breadcrumb"},"inLanguage":"es-AR","potentialAction":[{"@type":"ReadAction","target":["https:\/\/sevt.fica.unsl.edu.ar\/index.php\/charlas-logisiticas\/"]}]},{"@type":"ImageObject","inLanguage":"es-AR","@id":"https:\/\/sevt.fica.unsl.edu.ar\/index.php\/charlas-logisiticas\/#primaryimage","url":"https:\/\/sevt.fica.unsl.edu.ar\/wp-content\/uploads\/2023\/06\/CHARLA-LOGISITICA.jpg","contentUrl":"https:\/\/sevt.fica.unsl.edu.ar\/wp-content\/uploads\/2023\/06\/CHARLA-LOGISITICA.jpg","width":400,"height":400},{"@type":"BreadcrumbList","@id":"https:\/\/sevt.fica.unsl.edu.ar\/index.php\/charlas-logisiticas\/#breadcrumb","itemListElement":[{"@type":"ListItem","position":1,"name":"Inicio","item":"https:\/\/sevt.fica.unsl.edu.ar\/"},{"@type":"ListItem","position":2,"name":"CHARLAS LOG\u00cdSTICAS"}]},{"@type":"WebSite","@id":"https:\/\/sevt.fica.unsl.edu.ar\/#website","url":"https:\/\/sevt.fica.unsl.edu.ar\/","name":"Secretar\u00eda de Extensi\u00f3n, Vinculaci\u00f3n y Transferencia","description":"SEVT","publisher":{"@id":"https:\/\/sevt.fica.unsl.edu.ar\/#organization"},"potentialAction":[{"@type":"SearchAction","target":{"@type":"EntryPoint","urlTemplate":"https:\/\/sevt.fica.unsl.edu.ar\/?s={search_term_string}"},"query-input":{"@type":"PropertyValueSpecification","valueRequired":true,"valueName":"search_term_string"}}],"inLanguage":"es-AR"},{"@type":"Organization","@id":"https:\/\/sevt.fica.unsl.edu.ar\/#organization","name":"SEVT- Secretar\u00eda de Extensi\u00f3n, Vinculaci\u00f3n y Transferencia","url":"https:\/\/sevt.fica.unsl.edu.ar\/","logo":{"@type":"ImageObject","inLanguage":"es-AR","@id":"https:\/\/sevt.fica.unsl.edu.ar\/#\/schema\/logo\/image\/","url":"https:\/\/sevt.fica.unsl.edu.ar\/wp-content\/uploads\/2020\/11\/SAC.png","contentUrl":"https:\/\/sevt.fica.unsl.edu.ar\/wp-content\/uploads\/2020\/11\/SAC.png","width":4484,"height":1231,"caption":"SEVT- Secretar\u00eda de Extensi\u00f3n, Vinculaci\u00f3n y Transferencia"},"image":{"@id":"https:\/\/sevt.fica.unsl.edu.ar\/#\/schema\/logo\/image\/"}},{"@type":"Person","@id":"https:\/\/sevt.fica.unsl.edu.ar\/#\/schema\/person\/39f8490576c1fadc0183ccacf3f7e14a","name":"DATI","url":"https:\/\/sevt.fica.unsl.edu.ar\/index.php\/author\/sistemasdati\/"}]}},"_links":{"self":[{"href":"https:\/\/sevt.fica.unsl.edu.ar\/index.php\/wp-json\/wp\/v2\/posts\/1939","targetHints":{"allow":["GET"]}}],"collection":[{"href":"https:\/\/sevt.fica.unsl.edu.ar\/index.php\/wp-json\/wp\/v2\/posts"}],"about":[{"href":"https:\/\/sevt.fica.unsl.edu.ar\/index.php\/wp-json\/wp\/v2\/types\/post"}],"author":[{"embeddable":true,"href":"https:\/\/sevt.fica.unsl.edu.ar\/index.php\/wp-json\/wp\/v2\/users\/5"}],"replies":[{"embeddable":true,"href":"https:\/\/sevt.fica.unsl.edu.ar\/index.php\/wp-json\/wp\/v2\/comments?post=1939"}],"version-history":[{"count":2,"href":"https:\/\/sevt.fica.unsl.edu.ar\/index.php\/wp-json\/wp\/v2\/posts\/1939\/revisions"}],"predecessor-version":[{"id":1942,"href":"https:\/\/sevt.fica.unsl.edu.ar\/index.php\/wp-json\/wp\/v2\/posts\/1939\/revisions\/1942"}],"wp:featuredmedia":[{"embeddable":true,"href":"https:\/\/sevt.fica.unsl.edu.ar\/index.php\/wp-json\/wp\/v2\/media\/1940"}],"wp:attachment":[{"href":"https:\/\/sevt.fica.unsl.edu.ar\/index.php\/wp-json\/wp\/v2\/media?parent=1939"}],"wp:term":[{"taxonomy":"category","embeddable":true,"href":"https:\/\/sevt.fica.unsl.edu.ar\/index.php\/wp-json\/wp\/v2\/categories?post=1939"},{"taxonomy":"post_tag","embeddable":true,"href":"https:\/\/sevt.fica.unsl.edu.ar\/index.php\/wp-json\/wp\/v2\/tags?post=1939"}],"curies":[{"name":"wp","href":"https:\/\/api.w.org\/{rel}","templated":true}]}}