{"id":1937,"date":"2023-05-24T10:30:39","date_gmt":"2023-05-24T13:30:39","guid":{"rendered":"http:\/\/10.101.10.196\/sevt\/?p=1937"},"modified":"2023-05-24T10:30:39","modified_gmt":"2023-05-24T13:30:39","slug":"vacantes-pasantes-procter-gamble-unls","status":"publish","type":"post","link":"https:\/\/sevt.fica.unsl.edu.ar\/index.php\/vacantes-pasantes-procter-gamble-unls\/","title":{"rendered":"VACANTES Pasantes &#8211; Procter &#038; Gamble &#8211; UNLS"},"content":{"rendered":"<p>IT Intern<br \/>\nSer\u00e1s parte de un proyecto interno para construir una soluci\u00f3n, elaborando una estrategia de innovaci\u00f3n IT para la empresa. El \u00e1rea IT abarca desde la ciberseguridad de nuestros sistemas y activos de informaci\u00f3n cr\u00edticos, hasta la implementaci\u00f3n de proyectos con proveedores estrat\u00e9gicos. Tu pasi\u00f3n por la tecnolog\u00eda y su aplicaci\u00f3n comercial ser\u00e1 reconocida y recompensada. Podr\u00e1s mejorar el negocio, la innovaci\u00f3n y la tecnolog\u00eda para construir una ventaja competitiva para P&amp;G.<\/p>\n<p>\u00bfQU\u00c9 TE OFRECEMOS?<br \/>\n1. Responsabilidades a partir del d\u00eda 1: se te asignar\u00e1n proyectos y responsabilidades espec\u00edficos.<br \/>\n2. Tutor\u00eda continua: trabajar\u00e1s con personas apasionadas, recibiendo capacitaci\u00f3n formal y tutor\u00eda diaria de tu m\u00e1nager.<br \/>\n3. Trabajar\u00e1sy ser\u00e1sparte de un entorno din\u00e1mico y de apoyo.<br \/>\n4. Promovemos la agilidad y el equilibrio entre el trabajo y la vida personal de los empleados, valoramos a cada individuo y apoyamos las iniciativas.<br \/>\n5. Tendr\u00e1sun salario competitivo yun paquete de beneficios.<br \/>\n6. A medida que avances, tendr\u00e1s la oportunidad de ser contratado como empleado a tiempo completo, pudiendo trabajar a nivelglobal, a trav\u00e9s de viajes de negocios o para completar una asignaci\u00f3n de 3 a 4 a\u00f1os en otro lugar del mundo.<\/p>\n<p>\u00bfQU\u00c9 ESPERAMOS DE VOS?:<br \/>\n1. Estudiantes de ingenier\u00eda.<br \/>\n2. Fecha de graduaci\u00f3n 2023 o 2024.<br \/>\n3. Elegible para trabajar en Argentina.<br \/>\n4. Tener habilidades intermedias en ingl\u00e9s (B2 o superior).<br \/>\n5. Tener fuertes habilidades de comunicaci\u00f3n verbal y escrita.<\/p>\n<p>Lugar de trabajo: Villa Mercedes, San Luis, Argentina<br \/>\nJornada: Part time (6 Hs diarias)<br \/>\nModalidad: H\u00edbrida<\/p>\n<p>&nbsp;<\/p>\n<p>Consultas: Secretaria de Extensi\u00f3n, Vinculaci\u00f3n y Transferencia FICA<\/p>\n<p>interno:7356<\/p>\n","protected":false},"excerpt":{"rendered":"<p>IT Intern Ser\u00e1s parte de un proyecto interno para construir una soluci\u00f3n, elaborando una estrategia de innovaci\u00f3n IT para la empresa. El \u00e1rea IT abarca&hellip;<\/p>\n","protected":false},"author":5,"featured_media":1925,"comment_status":"closed","ping_status":"closed","sticky":false,"template":"","format":"standard","meta":{"_monsterinsights_skip_tracking":false,"_monsterinsights_sitenote_active":false,"_monsterinsights_sitenote_note":"","_monsterinsights_sitenote_category":0,"footnotes":""},"categories":[1],"tags":[],"class_list":["post-1937","post","type-post","status-publish","format-standard","has-post-thumbnail","hentry","category-noticias"],"yoast_head":"<!-- This site is optimized with the Yoast SEO plugin v27.0 - https:\/\/yoast.com\/product\/yoast-seo-wordpress\/ -->\n<title>VACANTES Pasantes - Procter &amp; Gamble - UNLS - Secretar\u00eda de Extensi\u00f3n, Vinculaci\u00f3n y Transferencia<\/title>\n<meta name=\"robots\" content=\"index, follow, max-snippet:-1, max-image-preview:large, max-video-preview:-1\" \/>\n<link rel=\"canonical\" href=\"https:\/\/sevt.fica.unsl.edu.ar\/index.php\/vacantes-pasantes-procter-gamble-unls\/\" \/>\n<meta property=\"og:locale\" content=\"es_ES\" \/>\n<meta property=\"og:type\" content=\"article\" \/>\n<meta property=\"og:title\" content=\"VACANTES Pasantes - Procter &amp; Gamble - UNLS - Secretar\u00eda de Extensi\u00f3n, Vinculaci\u00f3n y Transferencia\" \/>\n<meta property=\"og:description\" content=\"IT Intern Ser\u00e1s parte de un proyecto interno para construir una soluci\u00f3n, elaborando una estrategia de innovaci\u00f3n IT para la empresa. El \u00e1rea IT abarca&hellip;\" \/>\n<meta property=\"og:url\" content=\"https:\/\/sevt.fica.unsl.edu.ar\/index.php\/vacantes-pasantes-procter-gamble-unls\/\" \/>\n<meta property=\"og:site_name\" content=\"Secretar\u00eda de Extensi\u00f3n, Vinculaci\u00f3n y Transferencia\" \/>\n<meta property=\"article:published_time\" content=\"2023-05-24T13:30:39+00:00\" \/>\n<meta property=\"og:image\" content=\"https:\/\/sevt.fica.unsl.edu.ar\/wp-content\/uploads\/2023\/05\/OFERTA-LABORAL.jpg\" \/>\n\t<meta property=\"og:image:width\" content=\"1080\" \/>\n\t<meta property=\"og:image:height\" content=\"1080\" \/>\n\t<meta property=\"og:image:type\" content=\"image\/jpeg\" \/>\n<meta name=\"author\" content=\"DATI\" \/>\n<meta name=\"twitter:card\" content=\"summary_large_image\" \/>\n<meta name=\"twitter:label1\" content=\"Escrito por\" \/>\n\t<meta name=\"twitter:data1\" content=\"DATI\" \/>\n\t<meta name=\"twitter:label2\" content=\"Tiempo de lectura\" \/>\n\t<meta name=\"twitter:data2\" content=\"2 minutos\" \/>\n<script type=\"application\/ld+json\" class=\"yoast-schema-graph\">{\"@context\":\"https:\/\/schema.org\",\"@graph\":[{\"@type\":\"Article\",\"@id\":\"https:\/\/sevt.fica.unsl.edu.ar\/index.php\/vacantes-pasantes-procter-gamble-unls\/#article\",\"isPartOf\":{\"@id\":\"https:\/\/sevt.fica.unsl.edu.ar\/index.php\/vacantes-pasantes-procter-gamble-unls\/\"},\"author\":{\"name\":\"DATI\",\"@id\":\"https:\/\/sevt.fica.unsl.edu.ar\/#\/schema\/person\/39f8490576c1fadc0183ccacf3f7e14a\"},\"headline\":\"VACANTES Pasantes &#8211; Procter &#038; Gamble &#8211; UNLS\",\"datePublished\":\"2023-05-24T13:30:39+00:00\",\"mainEntityOfPage\":{\"@id\":\"https:\/\/sevt.fica.unsl.edu.ar\/index.php\/vacantes-pasantes-procter-gamble-unls\/\"},\"wordCount\":283,\"publisher\":{\"@id\":\"https:\/\/sevt.fica.unsl.edu.ar\/#organization\"},\"image\":{\"@id\":\"https:\/\/sevt.fica.unsl.edu.ar\/index.php\/vacantes-pasantes-procter-gamble-unls\/#primaryimage\"},\"thumbnailUrl\":\"https:\/\/sevt.fica.unsl.edu.ar\/wp-content\/uploads\/2023\/05\/OFERTA-LABORAL.jpg\",\"articleSection\":[\"Noticias\"],\"inLanguage\":\"es-AR\"},{\"@type\":\"WebPage\",\"@id\":\"https:\/\/sevt.fica.unsl.edu.ar\/index.php\/vacantes-pasantes-procter-gamble-unls\/\",\"url\":\"https:\/\/sevt.fica.unsl.edu.ar\/index.php\/vacantes-pasantes-procter-gamble-unls\/\",\"name\":\"VACANTES Pasantes - Procter & Gamble - UNLS - Secretar\u00eda de Extensi\u00f3n, Vinculaci\u00f3n y Transferencia\",\"isPartOf\":{\"@id\":\"https:\/\/sevt.fica.unsl.edu.ar\/#website\"},\"primaryImageOfPage\":{\"@id\":\"https:\/\/sevt.fica.unsl.edu.ar\/index.php\/vacantes-pasantes-procter-gamble-unls\/#primaryimage\"},\"image\":{\"@id\":\"https:\/\/sevt.fica.unsl.edu.ar\/index.php\/vacantes-pasantes-procter-gamble-unls\/#primaryimage\"},\"thumbnailUrl\":\"https:\/\/sevt.fica.unsl.edu.ar\/wp-content\/uploads\/2023\/05\/OFERTA-LABORAL.jpg\",\"datePublished\":\"2023-05-24T13:30:39+00:00\",\"breadcrumb\":{\"@id\":\"https:\/\/sevt.fica.unsl.edu.ar\/index.php\/vacantes-pasantes-procter-gamble-unls\/#breadcrumb\"},\"inLanguage\":\"es-AR\",\"potentialAction\":[{\"@type\":\"ReadAction\",\"target\":[\"https:\/\/sevt.fica.unsl.edu.ar\/index.php\/vacantes-pasantes-procter-gamble-unls\/\"]}]},{\"@type\":\"ImageObject\",\"inLanguage\":\"es-AR\",\"@id\":\"https:\/\/sevt.fica.unsl.edu.ar\/index.php\/vacantes-pasantes-procter-gamble-unls\/#primaryimage\",\"url\":\"https:\/\/sevt.fica.unsl.edu.ar\/wp-content\/uploads\/2023\/05\/OFERTA-LABORAL.jpg\",\"contentUrl\":\"https:\/\/sevt.fica.unsl.edu.ar\/wp-content\/uploads\/2023\/05\/OFERTA-LABORAL.jpg\",\"width\":1080,\"height\":1080},{\"@type\":\"BreadcrumbList\",\"@id\":\"https:\/\/sevt.fica.unsl.edu.ar\/index.php\/vacantes-pasantes-procter-gamble-unls\/#breadcrumb\",\"itemListElement\":[{\"@type\":\"ListItem\",\"position\":1,\"name\":\"Inicio\",\"item\":\"https:\/\/sevt.fica.unsl.edu.ar\/\"},{\"@type\":\"ListItem\",\"position\":2,\"name\":\"VACANTES Pasantes &#8211; Procter &#038; Gamble &#8211; UNLS\"}]},{\"@type\":\"WebSite\",\"@id\":\"https:\/\/sevt.fica.unsl.edu.ar\/#website\",\"url\":\"https:\/\/sevt.fica.unsl.edu.ar\/\",\"name\":\"Secretar\u00eda de Extensi\u00f3n, Vinculaci\u00f3n y Transferencia\",\"description\":\"SEVT\",\"publisher\":{\"@id\":\"https:\/\/sevt.fica.unsl.edu.ar\/#organization\"},\"potentialAction\":[{\"@type\":\"SearchAction\",\"target\":{\"@type\":\"EntryPoint\",\"urlTemplate\":\"https:\/\/sevt.fica.unsl.edu.ar\/?s={search_term_string}\"},\"query-input\":{\"@type\":\"PropertyValueSpecification\",\"valueRequired\":true,\"valueName\":\"search_term_string\"}}],\"inLanguage\":\"es-AR\"},{\"@type\":\"Organization\",\"@id\":\"https:\/\/sevt.fica.unsl.edu.ar\/#organization\",\"name\":\"SEVT- Secretar\u00eda de Extensi\u00f3n, Vinculaci\u00f3n y Transferencia\",\"url\":\"https:\/\/sevt.fica.unsl.edu.ar\/\",\"logo\":{\"@type\":\"ImageObject\",\"inLanguage\":\"es-AR\",\"@id\":\"https:\/\/sevt.fica.unsl.edu.ar\/#\/schema\/logo\/image\/\",\"url\":\"https:\/\/sevt.fica.unsl.edu.ar\/wp-content\/uploads\/2020\/11\/SAC.png\",\"contentUrl\":\"https:\/\/sevt.fica.unsl.edu.ar\/wp-content\/uploads\/2020\/11\/SAC.png\",\"width\":4484,\"height\":1231,\"caption\":\"SEVT- Secretar\u00eda de Extensi\u00f3n, Vinculaci\u00f3n y Transferencia\"},\"image\":{\"@id\":\"https:\/\/sevt.fica.unsl.edu.ar\/#\/schema\/logo\/image\/\"}},{\"@type\":\"Person\",\"@id\":\"https:\/\/sevt.fica.unsl.edu.ar\/#\/schema\/person\/39f8490576c1fadc0183ccacf3f7e14a\",\"name\":\"DATI\",\"url\":\"https:\/\/sevt.fica.unsl.edu.ar\/index.php\/author\/sistemasdati\/\"}]}<\/script>\n<!-- \/ Yoast SEO plugin. -->","yoast_head_json":{"title":"VACANTES Pasantes - Procter & Gamble - UNLS - Secretar\u00eda de Extensi\u00f3n, Vinculaci\u00f3n y Transferencia","robots":{"index":"index","follow":"follow","max-snippet":"max-snippet:-1","max-image-preview":"max-image-preview:large","max-video-preview":"max-video-preview:-1"},"canonical":"https:\/\/sevt.fica.unsl.edu.ar\/index.php\/vacantes-pasantes-procter-gamble-unls\/","og_locale":"es_ES","og_type":"article","og_title":"VACANTES Pasantes - Procter & Gamble - UNLS - Secretar\u00eda de Extensi\u00f3n, Vinculaci\u00f3n y Transferencia","og_description":"IT Intern Ser\u00e1s parte de un proyecto interno para construir una soluci\u00f3n, elaborando una estrategia de innovaci\u00f3n IT para la empresa. El \u00e1rea IT abarca&hellip;","og_url":"https:\/\/sevt.fica.unsl.edu.ar\/index.php\/vacantes-pasantes-procter-gamble-unls\/","og_site_name":"Secretar\u00eda de Extensi\u00f3n, Vinculaci\u00f3n y Transferencia","article_published_time":"2023-05-24T13:30:39+00:00","og_image":[{"width":1080,"height":1080,"url":"https:\/\/sevt.fica.unsl.edu.ar\/wp-content\/uploads\/2023\/05\/OFERTA-LABORAL.jpg","type":"image\/jpeg"}],"author":"DATI","twitter_card":"summary_large_image","twitter_misc":{"Escrito por":"DATI","Tiempo de lectura":"2 minutos"},"schema":{"@context":"https:\/\/schema.org","@graph":[{"@type":"Article","@id":"https:\/\/sevt.fica.unsl.edu.ar\/index.php\/vacantes-pasantes-procter-gamble-unls\/#article","isPartOf":{"@id":"https:\/\/sevt.fica.unsl.edu.ar\/index.php\/vacantes-pasantes-procter-gamble-unls\/"},"author":{"name":"DATI","@id":"https:\/\/sevt.fica.unsl.edu.ar\/#\/schema\/person\/39f8490576c1fadc0183ccacf3f7e14a"},"headline":"VACANTES Pasantes &#8211; Procter &#038; Gamble &#8211; UNLS","datePublished":"2023-05-24T13:30:39+00:00","mainEntityOfPage":{"@id":"https:\/\/sevt.fica.unsl.edu.ar\/index.php\/vacantes-pasantes-procter-gamble-unls\/"},"wordCount":283,"publisher":{"@id":"https:\/\/sevt.fica.unsl.edu.ar\/#organization"},"image":{"@id":"https:\/\/sevt.fica.unsl.edu.ar\/index.php\/vacantes-pasantes-procter-gamble-unls\/#primaryimage"},"thumbnailUrl":"https:\/\/sevt.fica.unsl.edu.ar\/wp-content\/uploads\/2023\/05\/OFERTA-LABORAL.jpg","articleSection":["Noticias"],"inLanguage":"es-AR"},{"@type":"WebPage","@id":"https:\/\/sevt.fica.unsl.edu.ar\/index.php\/vacantes-pasantes-procter-gamble-unls\/","url":"https:\/\/sevt.fica.unsl.edu.ar\/index.php\/vacantes-pasantes-procter-gamble-unls\/","name":"VACANTES Pasantes - Procter & Gamble - UNLS - Secretar\u00eda de Extensi\u00f3n, Vinculaci\u00f3n y Transferencia","isPartOf":{"@id":"https:\/\/sevt.fica.unsl.edu.ar\/#website"},"primaryImageOfPage":{"@id":"https:\/\/sevt.fica.unsl.edu.ar\/index.php\/vacantes-pasantes-procter-gamble-unls\/#primaryimage"},"image":{"@id":"https:\/\/sevt.fica.unsl.edu.ar\/index.php\/vacantes-pasantes-procter-gamble-unls\/#primaryimage"},"thumbnailUrl":"https:\/\/sevt.fica.unsl.edu.ar\/wp-content\/uploads\/2023\/05\/OFERTA-LABORAL.jpg","datePublished":"2023-05-24T13:30:39+00:00","breadcrumb":{"@id":"https:\/\/sevt.fica.unsl.edu.ar\/index.php\/vacantes-pasantes-procter-gamble-unls\/#breadcrumb"},"inLanguage":"es-AR","potentialAction":[{"@type":"ReadAction","target":["https:\/\/sevt.fica.unsl.edu.ar\/index.php\/vacantes-pasantes-procter-gamble-unls\/"]}]},{"@type":"ImageObject","inLanguage":"es-AR","@id":"https:\/\/sevt.fica.unsl.edu.ar\/index.php\/vacantes-pasantes-procter-gamble-unls\/#primaryimage","url":"https:\/\/sevt.fica.unsl.edu.ar\/wp-content\/uploads\/2023\/05\/OFERTA-LABORAL.jpg","contentUrl":"https:\/\/sevt.fica.unsl.edu.ar\/wp-content\/uploads\/2023\/05\/OFERTA-LABORAL.jpg","width":1080,"height":1080},{"@type":"BreadcrumbList","@id":"https:\/\/sevt.fica.unsl.edu.ar\/index.php\/vacantes-pasantes-procter-gamble-unls\/#breadcrumb","itemListElement":[{"@type":"ListItem","position":1,"name":"Inicio","item":"https:\/\/sevt.fica.unsl.edu.ar\/"},{"@type":"ListItem","position":2,"name":"VACANTES Pasantes &#8211; Procter &#038; Gamble &#8211; UNLS"}]},{"@type":"WebSite","@id":"https:\/\/sevt.fica.unsl.edu.ar\/#website","url":"https:\/\/sevt.fica.unsl.edu.ar\/","name":"Secretar\u00eda de Extensi\u00f3n, Vinculaci\u00f3n y Transferencia","description":"SEVT","publisher":{"@id":"https:\/\/sevt.fica.unsl.edu.ar\/#organization"},"potentialAction":[{"@type":"SearchAction","target":{"@type":"EntryPoint","urlTemplate":"https:\/\/sevt.fica.unsl.edu.ar\/?s={search_term_string}"},"query-input":{"@type":"PropertyValueSpecification","valueRequired":true,"valueName":"search_term_string"}}],"inLanguage":"es-AR"},{"@type":"Organization","@id":"https:\/\/sevt.fica.unsl.edu.ar\/#organization","name":"SEVT- Secretar\u00eda de Extensi\u00f3n, Vinculaci\u00f3n y Transferencia","url":"https:\/\/sevt.fica.unsl.edu.ar\/","logo":{"@type":"ImageObject","inLanguage":"es-AR","@id":"https:\/\/sevt.fica.unsl.edu.ar\/#\/schema\/logo\/image\/","url":"https:\/\/sevt.fica.unsl.edu.ar\/wp-content\/uploads\/2020\/11\/SAC.png","contentUrl":"https:\/\/sevt.fica.unsl.edu.ar\/wp-content\/uploads\/2020\/11\/SAC.png","width":4484,"height":1231,"caption":"SEVT- Secretar\u00eda de Extensi\u00f3n, Vinculaci\u00f3n y Transferencia"},"image":{"@id":"https:\/\/sevt.fica.unsl.edu.ar\/#\/schema\/logo\/image\/"}},{"@type":"Person","@id":"https:\/\/sevt.fica.unsl.edu.ar\/#\/schema\/person\/39f8490576c1fadc0183ccacf3f7e14a","name":"DATI","url":"https:\/\/sevt.fica.unsl.edu.ar\/index.php\/author\/sistemasdati\/"}]}},"_links":{"self":[{"href":"https:\/\/sevt.fica.unsl.edu.ar\/index.php\/wp-json\/wp\/v2\/posts\/1937","targetHints":{"allow":["GET"]}}],"collection":[{"href":"https:\/\/sevt.fica.unsl.edu.ar\/index.php\/wp-json\/wp\/v2\/posts"}],"about":[{"href":"https:\/\/sevt.fica.unsl.edu.ar\/index.php\/wp-json\/wp\/v2\/types\/post"}],"author":[{"embeddable":true,"href":"https:\/\/sevt.fica.unsl.edu.ar\/index.php\/wp-json\/wp\/v2\/users\/5"}],"replies":[{"embeddable":true,"href":"https:\/\/sevt.fica.unsl.edu.ar\/index.php\/wp-json\/wp\/v2\/comments?post=1937"}],"version-history":[{"count":1,"href":"https:\/\/sevt.fica.unsl.edu.ar\/index.php\/wp-json\/wp\/v2\/posts\/1937\/revisions"}],"predecessor-version":[{"id":1938,"href":"https:\/\/sevt.fica.unsl.edu.ar\/index.php\/wp-json\/wp\/v2\/posts\/1937\/revisions\/1938"}],"wp:featuredmedia":[{"embeddable":true,"href":"https:\/\/sevt.fica.unsl.edu.ar\/index.php\/wp-json\/wp\/v2\/media\/1925"}],"wp:attachment":[{"href":"https:\/\/sevt.fica.unsl.edu.ar\/index.php\/wp-json\/wp\/v2\/media?parent=1937"}],"wp:term":[{"taxonomy":"category","embeddable":true,"href":"https:\/\/sevt.fica.unsl.edu.ar\/index.php\/wp-json\/wp\/v2\/categories?post=1937"},{"taxonomy":"post_tag","embeddable":true,"href":"https:\/\/sevt.fica.unsl.edu.ar\/index.php\/wp-json\/wp\/v2\/tags?post=1937"}],"curies":[{"name":"wp","href":"https:\/\/api.w.org\/{rel}","templated":true}]}}