{"id":1922,"date":"2023-05-22T09:33:36","date_gmt":"2023-05-22T12:33:36","guid":{"rendered":"http:\/\/10.101.10.196\/sevt\/?p=1922"},"modified":"2023-05-22T09:39:31","modified_gmt":"2023-05-22T12:39:31","slug":"oferta-laboral-instrumentista-de-control","status":"publish","type":"post","link":"https:\/\/sevt.fica.unsl.edu.ar\/index.php\/oferta-laboral-instrumentista-de-control\/","title":{"rendered":"OFERTA LABORAL &#8220;INSTRUMENTISTA DE COMPRESI\u00d3N&#8221;"},"content":{"rendered":"<p>Estamos en la b\u00fasqueda de un <strong>Instrumentista de Compresi\u00f3n<\/strong> para nuestra planta de La Paz (Mendoza)<\/p>\n<p style=\"font-weight: 400;\"><strong><u>Tareas y responsabilidades:<\/u><\/strong><\/p>\n<ul style=\"font-weight: 400;\">\n<li>Instalaci\u00f3n, Calibraci\u00f3n y medici\u00f3n de Instrumentos electr\u00f3nicos (Presi\u00f3n, temperatura, caudal, niveles).<\/li>\n<li>Ejecutar tareas de mantenimiento preventivo y correctivo de los sistemas de instrumentaci\u00f3n de las plantas con el prop\u00f3sito de aumentar la disponibilidad y confiabilidad de las mismas.<\/li>\n<li>Operar equipos e instalaciones de planta compresora de acuerdo con las directivas de Gas Control para contribuir con el correcto funcionamiento del sistema de transporte.<\/li>\n<li>Realizar los controles y calibraciones de los sistemas de seguridad de planta y equipos de compresi\u00f3n\/generaci\u00f3n con el objeto de asegurar funcionamiento y l\u00edmites operativos de seguridad.<\/li>\n<li>Elaborar informes t\u00e9cnicos sobre horas m\u00e1quina de trabajo, paradas y tareas de mantenimiento realizadas con el objeto de realimentar la planificaci\u00f3n.<\/li>\n<li>Organizar y planificar los trabajos en Reuniones Previas, AST y programas ad hoc., etc. con el objeto de identificar riesgos y garantizar condiciones seguras de trabajo.<\/li>\n<li>Supervisar y controlar las condiciones de trabajo &#8220;in Situ &#8221; de los contratistas para asegurar que las mismas se desarrollen dentro de las condiciones de seguridad y calidad aceptadas por la compa\u00f1\u00eda.<\/li>\n<\/ul>\n<h6>Requisitos<\/h6>\n<ul style=\"font-weight: 400;\">\n<li>Estudiante avanzado o profesional reci\u00e9n recibido en<strong>\u00a0Ingenier\u00eda Electr\u00f3nica\/El\u00e9ctrica\/Electromec\u00e1nica\u00a0<\/strong><em>(excluyente)<\/em><\/li>\n<li>Preferentemente conocimientos en Instrumentaci\u00f3n Industrial y PLC\u00a0(l\u00f3gica Ladder).<\/li>\n<li>Conocimiento en Maquinas t\u00e9rmicas\/turbinas de Gas.<\/li>\n<li>Conocimiento en sistemas neum\u00e1ticos\/compresores de aire.<\/li>\n<li>Conocimiento en protecci\u00f3n cat\u00f3dica de ductos.<\/li>\n<li>Interpretaci\u00f3n diagramas P&amp;D, planos el\u00e9ctricos y t\u00edpicos de Montajes.<\/li>\n<li>Preferentemente conocimientos de SAP.<\/li>\n<li>Licencia de conducir vigente\u00a0<em>(excluyente)<\/em><\/li>\n<li>Disponiblidad para viajar.<\/li>\n<li>Residenciado en San Luis.\u00a0<em>La empresa no cubre gastos de relocacalizaci\u00f3n.<\/em><\/li>\n<\/ul>\n<h6>Beneficios<\/h6>\n<ul style=\"font-weight: 400;\">\n<li>Posici\u00f3n Efectiva.<\/li>\n<li>Plan de Medicina Prepaga (Titular y grupo familiar)<\/li>\n<li>Comedor en Planta.<\/li>\n<li>Transporte (Residencia &#8211; TGN &#8211; Residencia)<\/li>\n<li>Capacitaci\u00f3n continua.<\/li>\n<\/ul>\n<p>&nbsp;<\/p>\n<p style=\"font-weight: 400;\"><strong>Carolina Irazu<\/strong><strong>\u00a0<\/strong><strong>\u00a0<\/strong><strong><br \/>\n<\/strong>Analista de Empleos<\/p>\n<p style=\"font-weight: 400;\">Direcci\u00f3n de Recursos Humanos<\/p>\n<p style=\"font-weight: 400;\"><a href=\"mailto:Carolina.IRAZU@tgn.com.ar\" target=\"_blank\" rel=\"noopener\">Carolina.IRAZU@tgn.com.ar<\/a><\/p>\n<p style=\"font-weight: 400;\"><strong>\u00a0\u00a0<a href=\"http:\/\/tgn.com.ar\/\" data-saferedirecturl=\"https:\/\/www.google.com\/url?q=http:\/\/tgn.com.ar&amp;source=gmail&amp;ust=1684843610081000&amp;usg=AOvVaw2p7a1bcb71R2cODvK_DGkC\">tgn.com.ar<\/a><\/strong><em><br \/>\n<\/em>\u00a0\u00a0\u00a0\u00a0\u00a0\u00a0\u00a0\u00a0 Av. Del Libertador 7208 \u2013 C1429BMS &#8211; CABA<br \/>\nTel: +(54) 11 4008 2000<\/p>\n<p style=\"font-weight: 400;\">\n","protected":false},"excerpt":{"rendered":"<p>Estamos en la b\u00fasqueda de un Instrumentista de Compresi\u00f3n para nuestra planta de La Paz (Mendoza) Tareas y responsabilidades: Instalaci\u00f3n, Calibraci\u00f3n y medici\u00f3n de Instrumentos&hellip;<\/p>\n","protected":false},"author":5,"featured_media":1925,"comment_status":"closed","ping_status":"closed","sticky":false,"template":"","format":"standard","meta":{"_monsterinsights_skip_tracking":false,"_monsterinsights_sitenote_active":false,"_monsterinsights_sitenote_note":"","_monsterinsights_sitenote_category":0,"footnotes":""},"categories":[1],"tags":[],"class_list":["post-1922","post","type-post","status-publish","format-standard","has-post-thumbnail","hentry","category-noticias"],"yoast_head":"<!-- This site is optimized with the Yoast SEO plugin v27.0 - https:\/\/yoast.com\/product\/yoast-seo-wordpress\/ -->\n<title>OFERTA LABORAL &quot;INSTRUMENTISTA DE COMPRESI\u00d3N&quot; - Secretar\u00eda de Extensi\u00f3n, Vinculaci\u00f3n y Transferencia<\/title>\n<meta name=\"robots\" content=\"index, follow, max-snippet:-1, max-image-preview:large, max-video-preview:-1\" \/>\n<link rel=\"canonical\" href=\"https:\/\/sevt.fica.unsl.edu.ar\/index.php\/oferta-laboral-instrumentista-de-control\/\" \/>\n<meta property=\"og:locale\" content=\"es_ES\" \/>\n<meta property=\"og:type\" content=\"article\" \/>\n<meta property=\"og:title\" content=\"OFERTA LABORAL &quot;INSTRUMENTISTA DE COMPRESI\u00d3N&quot; - Secretar\u00eda de Extensi\u00f3n, Vinculaci\u00f3n y Transferencia\" \/>\n<meta property=\"og:description\" content=\"Estamos en la b\u00fasqueda de un Instrumentista de Compresi\u00f3n para nuestra planta de La Paz (Mendoza) Tareas y responsabilidades: Instalaci\u00f3n, Calibraci\u00f3n y medici\u00f3n de Instrumentos&hellip;\" \/>\n<meta property=\"og:url\" content=\"https:\/\/sevt.fica.unsl.edu.ar\/index.php\/oferta-laboral-instrumentista-de-control\/\" \/>\n<meta property=\"og:site_name\" content=\"Secretar\u00eda de Extensi\u00f3n, Vinculaci\u00f3n y Transferencia\" \/>\n<meta property=\"article:published_time\" content=\"2023-05-22T12:33:36+00:00\" \/>\n<meta property=\"article:modified_time\" content=\"2023-05-22T12:39:31+00:00\" \/>\n<meta property=\"og:image\" content=\"https:\/\/sevt.fica.unsl.edu.ar\/wp-content\/uploads\/2023\/05\/OFERTA-LABORAL.jpg\" \/>\n\t<meta property=\"og:image:width\" content=\"1080\" \/>\n\t<meta property=\"og:image:height\" content=\"1080\" \/>\n\t<meta property=\"og:image:type\" content=\"image\/jpeg\" \/>\n<meta name=\"author\" content=\"DATI\" \/>\n<meta name=\"twitter:card\" content=\"summary_large_image\" \/>\n<meta name=\"twitter:label1\" content=\"Escrito por\" \/>\n\t<meta name=\"twitter:data1\" content=\"DATI\" \/>\n\t<meta name=\"twitter:label2\" content=\"Tiempo de lectura\" \/>\n\t<meta name=\"twitter:data2\" content=\"2 minutos\" \/>\n<script type=\"application\/ld+json\" class=\"yoast-schema-graph\">{\"@context\":\"https:\/\/schema.org\",\"@graph\":[{\"@type\":\"Article\",\"@id\":\"https:\/\/sevt.fica.unsl.edu.ar\/index.php\/oferta-laboral-instrumentista-de-control\/#article\",\"isPartOf\":{\"@id\":\"https:\/\/sevt.fica.unsl.edu.ar\/index.php\/oferta-laboral-instrumentista-de-control\/\"},\"author\":{\"name\":\"DATI\",\"@id\":\"https:\/\/sevt.fica.unsl.edu.ar\/#\/schema\/person\/39f8490576c1fadc0183ccacf3f7e14a\"},\"headline\":\"OFERTA LABORAL &#8220;INSTRUMENTISTA DE COMPRESI\u00d3N&#8221;\",\"datePublished\":\"2023-05-22T12:33:36+00:00\",\"dateModified\":\"2023-05-22T12:39:31+00:00\",\"mainEntityOfPage\":{\"@id\":\"https:\/\/sevt.fica.unsl.edu.ar\/index.php\/oferta-laboral-instrumentista-de-control\/\"},\"wordCount\":352,\"publisher\":{\"@id\":\"https:\/\/sevt.fica.unsl.edu.ar\/#organization\"},\"image\":{\"@id\":\"https:\/\/sevt.fica.unsl.edu.ar\/index.php\/oferta-laboral-instrumentista-de-control\/#primaryimage\"},\"thumbnailUrl\":\"https:\/\/sevt.fica.unsl.edu.ar\/wp-content\/uploads\/2023\/05\/OFERTA-LABORAL.jpg\",\"articleSection\":[\"Noticias\"],\"inLanguage\":\"es-AR\"},{\"@type\":\"WebPage\",\"@id\":\"https:\/\/sevt.fica.unsl.edu.ar\/index.php\/oferta-laboral-instrumentista-de-control\/\",\"url\":\"https:\/\/sevt.fica.unsl.edu.ar\/index.php\/oferta-laboral-instrumentista-de-control\/\",\"name\":\"OFERTA LABORAL \\\"INSTRUMENTISTA DE COMPRESI\u00d3N\\\" - Secretar\u00eda de Extensi\u00f3n, Vinculaci\u00f3n y Transferencia\",\"isPartOf\":{\"@id\":\"https:\/\/sevt.fica.unsl.edu.ar\/#website\"},\"primaryImageOfPage\":{\"@id\":\"https:\/\/sevt.fica.unsl.edu.ar\/index.php\/oferta-laboral-instrumentista-de-control\/#primaryimage\"},\"image\":{\"@id\":\"https:\/\/sevt.fica.unsl.edu.ar\/index.php\/oferta-laboral-instrumentista-de-control\/#primaryimage\"},\"thumbnailUrl\":\"https:\/\/sevt.fica.unsl.edu.ar\/wp-content\/uploads\/2023\/05\/OFERTA-LABORAL.jpg\",\"datePublished\":\"2023-05-22T12:33:36+00:00\",\"dateModified\":\"2023-05-22T12:39:31+00:00\",\"breadcrumb\":{\"@id\":\"https:\/\/sevt.fica.unsl.edu.ar\/index.php\/oferta-laboral-instrumentista-de-control\/#breadcrumb\"},\"inLanguage\":\"es-AR\",\"potentialAction\":[{\"@type\":\"ReadAction\",\"target\":[\"https:\/\/sevt.fica.unsl.edu.ar\/index.php\/oferta-laboral-instrumentista-de-control\/\"]}]},{\"@type\":\"ImageObject\",\"inLanguage\":\"es-AR\",\"@id\":\"https:\/\/sevt.fica.unsl.edu.ar\/index.php\/oferta-laboral-instrumentista-de-control\/#primaryimage\",\"url\":\"https:\/\/sevt.fica.unsl.edu.ar\/wp-content\/uploads\/2023\/05\/OFERTA-LABORAL.jpg\",\"contentUrl\":\"https:\/\/sevt.fica.unsl.edu.ar\/wp-content\/uploads\/2023\/05\/OFERTA-LABORAL.jpg\",\"width\":1080,\"height\":1080},{\"@type\":\"BreadcrumbList\",\"@id\":\"https:\/\/sevt.fica.unsl.edu.ar\/index.php\/oferta-laboral-instrumentista-de-control\/#breadcrumb\",\"itemListElement\":[{\"@type\":\"ListItem\",\"position\":1,\"name\":\"Inicio\",\"item\":\"https:\/\/sevt.fica.unsl.edu.ar\/\"},{\"@type\":\"ListItem\",\"position\":2,\"name\":\"OFERTA LABORAL &#8220;INSTRUMENTISTA DE COMPRESI\u00d3N&#8221;\"}]},{\"@type\":\"WebSite\",\"@id\":\"https:\/\/sevt.fica.unsl.edu.ar\/#website\",\"url\":\"https:\/\/sevt.fica.unsl.edu.ar\/\",\"name\":\"Secretar\u00eda de Extensi\u00f3n, Vinculaci\u00f3n y Transferencia\",\"description\":\"SEVT\",\"publisher\":{\"@id\":\"https:\/\/sevt.fica.unsl.edu.ar\/#organization\"},\"potentialAction\":[{\"@type\":\"SearchAction\",\"target\":{\"@type\":\"EntryPoint\",\"urlTemplate\":\"https:\/\/sevt.fica.unsl.edu.ar\/?s={search_term_string}\"},\"query-input\":{\"@type\":\"PropertyValueSpecification\",\"valueRequired\":true,\"valueName\":\"search_term_string\"}}],\"inLanguage\":\"es-AR\"},{\"@type\":\"Organization\",\"@id\":\"https:\/\/sevt.fica.unsl.edu.ar\/#organization\",\"name\":\"SEVT- Secretar\u00eda de Extensi\u00f3n, Vinculaci\u00f3n y Transferencia\",\"url\":\"https:\/\/sevt.fica.unsl.edu.ar\/\",\"logo\":{\"@type\":\"ImageObject\",\"inLanguage\":\"es-AR\",\"@id\":\"https:\/\/sevt.fica.unsl.edu.ar\/#\/schema\/logo\/image\/\",\"url\":\"https:\/\/sevt.fica.unsl.edu.ar\/wp-content\/uploads\/2020\/11\/SAC.png\",\"contentUrl\":\"https:\/\/sevt.fica.unsl.edu.ar\/wp-content\/uploads\/2020\/11\/SAC.png\",\"width\":4484,\"height\":1231,\"caption\":\"SEVT- Secretar\u00eda de Extensi\u00f3n, Vinculaci\u00f3n y Transferencia\"},\"image\":{\"@id\":\"https:\/\/sevt.fica.unsl.edu.ar\/#\/schema\/logo\/image\/\"}},{\"@type\":\"Person\",\"@id\":\"https:\/\/sevt.fica.unsl.edu.ar\/#\/schema\/person\/39f8490576c1fadc0183ccacf3f7e14a\",\"name\":\"DATI\",\"url\":\"https:\/\/sevt.fica.unsl.edu.ar\/index.php\/author\/sistemasdati\/\"}]}<\/script>\n<!-- \/ Yoast SEO plugin. -->","yoast_head_json":{"title":"OFERTA LABORAL \"INSTRUMENTISTA DE COMPRESI\u00d3N\" - Secretar\u00eda de Extensi\u00f3n, Vinculaci\u00f3n y Transferencia","robots":{"index":"index","follow":"follow","max-snippet":"max-snippet:-1","max-image-preview":"max-image-preview:large","max-video-preview":"max-video-preview:-1"},"canonical":"https:\/\/sevt.fica.unsl.edu.ar\/index.php\/oferta-laboral-instrumentista-de-control\/","og_locale":"es_ES","og_type":"article","og_title":"OFERTA LABORAL \"INSTRUMENTISTA DE COMPRESI\u00d3N\" - Secretar\u00eda de Extensi\u00f3n, Vinculaci\u00f3n y Transferencia","og_description":"Estamos en la b\u00fasqueda de un Instrumentista de Compresi\u00f3n para nuestra planta de La Paz (Mendoza) Tareas y responsabilidades: Instalaci\u00f3n, Calibraci\u00f3n y medici\u00f3n de Instrumentos&hellip;","og_url":"https:\/\/sevt.fica.unsl.edu.ar\/index.php\/oferta-laboral-instrumentista-de-control\/","og_site_name":"Secretar\u00eda de Extensi\u00f3n, Vinculaci\u00f3n y Transferencia","article_published_time":"2023-05-22T12:33:36+00:00","article_modified_time":"2023-05-22T12:39:31+00:00","og_image":[{"width":1080,"height":1080,"url":"https:\/\/sevt.fica.unsl.edu.ar\/wp-content\/uploads\/2023\/05\/OFERTA-LABORAL.jpg","type":"image\/jpeg"}],"author":"DATI","twitter_card":"summary_large_image","twitter_misc":{"Escrito por":"DATI","Tiempo de lectura":"2 minutos"},"schema":{"@context":"https:\/\/schema.org","@graph":[{"@type":"Article","@id":"https:\/\/sevt.fica.unsl.edu.ar\/index.php\/oferta-laboral-instrumentista-de-control\/#article","isPartOf":{"@id":"https:\/\/sevt.fica.unsl.edu.ar\/index.php\/oferta-laboral-instrumentista-de-control\/"},"author":{"name":"DATI","@id":"https:\/\/sevt.fica.unsl.edu.ar\/#\/schema\/person\/39f8490576c1fadc0183ccacf3f7e14a"},"headline":"OFERTA LABORAL &#8220;INSTRUMENTISTA DE COMPRESI\u00d3N&#8221;","datePublished":"2023-05-22T12:33:36+00:00","dateModified":"2023-05-22T12:39:31+00:00","mainEntityOfPage":{"@id":"https:\/\/sevt.fica.unsl.edu.ar\/index.php\/oferta-laboral-instrumentista-de-control\/"},"wordCount":352,"publisher":{"@id":"https:\/\/sevt.fica.unsl.edu.ar\/#organization"},"image":{"@id":"https:\/\/sevt.fica.unsl.edu.ar\/index.php\/oferta-laboral-instrumentista-de-control\/#primaryimage"},"thumbnailUrl":"https:\/\/sevt.fica.unsl.edu.ar\/wp-content\/uploads\/2023\/05\/OFERTA-LABORAL.jpg","articleSection":["Noticias"],"inLanguage":"es-AR"},{"@type":"WebPage","@id":"https:\/\/sevt.fica.unsl.edu.ar\/index.php\/oferta-laboral-instrumentista-de-control\/","url":"https:\/\/sevt.fica.unsl.edu.ar\/index.php\/oferta-laboral-instrumentista-de-control\/","name":"OFERTA LABORAL \"INSTRUMENTISTA DE COMPRESI\u00d3N\" - Secretar\u00eda de Extensi\u00f3n, Vinculaci\u00f3n y Transferencia","isPartOf":{"@id":"https:\/\/sevt.fica.unsl.edu.ar\/#website"},"primaryImageOfPage":{"@id":"https:\/\/sevt.fica.unsl.edu.ar\/index.php\/oferta-laboral-instrumentista-de-control\/#primaryimage"},"image":{"@id":"https:\/\/sevt.fica.unsl.edu.ar\/index.php\/oferta-laboral-instrumentista-de-control\/#primaryimage"},"thumbnailUrl":"https:\/\/sevt.fica.unsl.edu.ar\/wp-content\/uploads\/2023\/05\/OFERTA-LABORAL.jpg","datePublished":"2023-05-22T12:33:36+00:00","dateModified":"2023-05-22T12:39:31+00:00","breadcrumb":{"@id":"https:\/\/sevt.fica.unsl.edu.ar\/index.php\/oferta-laboral-instrumentista-de-control\/#breadcrumb"},"inLanguage":"es-AR","potentialAction":[{"@type":"ReadAction","target":["https:\/\/sevt.fica.unsl.edu.ar\/index.php\/oferta-laboral-instrumentista-de-control\/"]}]},{"@type":"ImageObject","inLanguage":"es-AR","@id":"https:\/\/sevt.fica.unsl.edu.ar\/index.php\/oferta-laboral-instrumentista-de-control\/#primaryimage","url":"https:\/\/sevt.fica.unsl.edu.ar\/wp-content\/uploads\/2023\/05\/OFERTA-LABORAL.jpg","contentUrl":"https:\/\/sevt.fica.unsl.edu.ar\/wp-content\/uploads\/2023\/05\/OFERTA-LABORAL.jpg","width":1080,"height":1080},{"@type":"BreadcrumbList","@id":"https:\/\/sevt.fica.unsl.edu.ar\/index.php\/oferta-laboral-instrumentista-de-control\/#breadcrumb","itemListElement":[{"@type":"ListItem","position":1,"name":"Inicio","item":"https:\/\/sevt.fica.unsl.edu.ar\/"},{"@type":"ListItem","position":2,"name":"OFERTA LABORAL &#8220;INSTRUMENTISTA DE COMPRESI\u00d3N&#8221;"}]},{"@type":"WebSite","@id":"https:\/\/sevt.fica.unsl.edu.ar\/#website","url":"https:\/\/sevt.fica.unsl.edu.ar\/","name":"Secretar\u00eda de Extensi\u00f3n, Vinculaci\u00f3n y Transferencia","description":"SEVT","publisher":{"@id":"https:\/\/sevt.fica.unsl.edu.ar\/#organization"},"potentialAction":[{"@type":"SearchAction","target":{"@type":"EntryPoint","urlTemplate":"https:\/\/sevt.fica.unsl.edu.ar\/?s={search_term_string}"},"query-input":{"@type":"PropertyValueSpecification","valueRequired":true,"valueName":"search_term_string"}}],"inLanguage":"es-AR"},{"@type":"Organization","@id":"https:\/\/sevt.fica.unsl.edu.ar\/#organization","name":"SEVT- Secretar\u00eda de Extensi\u00f3n, Vinculaci\u00f3n y Transferencia","url":"https:\/\/sevt.fica.unsl.edu.ar\/","logo":{"@type":"ImageObject","inLanguage":"es-AR","@id":"https:\/\/sevt.fica.unsl.edu.ar\/#\/schema\/logo\/image\/","url":"https:\/\/sevt.fica.unsl.edu.ar\/wp-content\/uploads\/2020\/11\/SAC.png","contentUrl":"https:\/\/sevt.fica.unsl.edu.ar\/wp-content\/uploads\/2020\/11\/SAC.png","width":4484,"height":1231,"caption":"SEVT- Secretar\u00eda de Extensi\u00f3n, Vinculaci\u00f3n y Transferencia"},"image":{"@id":"https:\/\/sevt.fica.unsl.edu.ar\/#\/schema\/logo\/image\/"}},{"@type":"Person","@id":"https:\/\/sevt.fica.unsl.edu.ar\/#\/schema\/person\/39f8490576c1fadc0183ccacf3f7e14a","name":"DATI","url":"https:\/\/sevt.fica.unsl.edu.ar\/index.php\/author\/sistemasdati\/"}]}},"_links":{"self":[{"href":"https:\/\/sevt.fica.unsl.edu.ar\/index.php\/wp-json\/wp\/v2\/posts\/1922","targetHints":{"allow":["GET"]}}],"collection":[{"href":"https:\/\/sevt.fica.unsl.edu.ar\/index.php\/wp-json\/wp\/v2\/posts"}],"about":[{"href":"https:\/\/sevt.fica.unsl.edu.ar\/index.php\/wp-json\/wp\/v2\/types\/post"}],"author":[{"embeddable":true,"href":"https:\/\/sevt.fica.unsl.edu.ar\/index.php\/wp-json\/wp\/v2\/users\/5"}],"replies":[{"embeddable":true,"href":"https:\/\/sevt.fica.unsl.edu.ar\/index.php\/wp-json\/wp\/v2\/comments?post=1922"}],"version-history":[{"count":2,"href":"https:\/\/sevt.fica.unsl.edu.ar\/index.php\/wp-json\/wp\/v2\/posts\/1922\/revisions"}],"predecessor-version":[{"id":1927,"href":"https:\/\/sevt.fica.unsl.edu.ar\/index.php\/wp-json\/wp\/v2\/posts\/1922\/revisions\/1927"}],"wp:featuredmedia":[{"embeddable":true,"href":"https:\/\/sevt.fica.unsl.edu.ar\/index.php\/wp-json\/wp\/v2\/media\/1925"}],"wp:attachment":[{"href":"https:\/\/sevt.fica.unsl.edu.ar\/index.php\/wp-json\/wp\/v2\/media?parent=1922"}],"wp:term":[{"taxonomy":"category","embeddable":true,"href":"https:\/\/sevt.fica.unsl.edu.ar\/index.php\/wp-json\/wp\/v2\/categories?post=1922"},{"taxonomy":"post_tag","embeddable":true,"href":"https:\/\/sevt.fica.unsl.edu.ar\/index.php\/wp-json\/wp\/v2\/tags?post=1922"}],"curies":[{"name":"wp","href":"https:\/\/api.w.org\/{rel}","templated":true}]}}