{"id":1899,"date":"2023-04-26T12:37:00","date_gmt":"2023-04-26T15:37:00","guid":{"rendered":"http:\/\/10.101.10.196\/sevt\/?p=1899"},"modified":"2023-04-26T12:37:00","modified_gmt":"2023-04-26T15:37:00","slug":"oferta-laboral-vacante-bagley-argentina-s-a-villa-mercedes","status":"publish","type":"post","link":"https:\/\/sevt.fica.unsl.edu.ar\/index.php\/oferta-laboral-vacante-bagley-argentina-s-a-villa-mercedes\/","title":{"rendered":"OFERTA LABORAL Vacante BAGLEY ARGENTINA S.A. Villa Mercedes"},"content":{"rendered":"<p><strong>NOS ENCONTRAMOS EN LA B\u00daSQUEDA DE UN SUPERVISOR DE CALIDAD (VACANTE TEMPORAL)<\/strong><\/p>\n<p><em>Sus principales responsabilidades ser\u00e1n:<\/em><\/p>\n<ul>\n<li>Monitorear el cumplimiento de las metodolog\u00edas y criterios para la gesti\u00f3n de la calidad y seguridad alimentaria en el proceso de elaboraci\u00f3n y almacenamiento de productos con el fin de lograr productos inocuos con la calidad esperada.<\/li>\n<li>Asegurar el desarrollo, la capacitaci\u00f3n e idoneidad de sus colaboradores a cargo generando instancias de seguimiento y feedback, con el objetivo de obtener una performance apropiada del equipo de trabajo.<\/li>\n<li>Utilizar, capacitar y auditar el uso eficiente de t\u00e9cnicas estad\u00edsticas, para el registro correcto de la informaci\u00f3n y el an\u00e1lisis de los procesos y la calidad del producto.<\/li>\n<li>Generar, difundir y analizar en conjunto con el superior los indicadores de la gestion de calidad de proceso para detectar oportunidades de mejora de productos y procesos.<\/li>\n<li>Ser facilitador de linea dentro del pilar de calidad para capacitar al personal en criterios de calidad y seguridad alimentaria y lograr a trav\u00e9s de los mismos la resoluci\u00f3n de problemas relacionados con defectos de producto.<\/li>\n<\/ul>\n<p><em><span style=\"color: #000000;\">Requisitos excluyentes:<\/span><\/em><\/p>\n<ul>\n<li>Nuestra b\u00fasqueda esta orientada a estudiantes avanzados\/profesionales universitarios en carreras de Ingenier\u00eda de Alimentaci\u00f3n, Qu\u00edmico y\/o Industrial.<\/li>\n<li>Valoraremos conocimiento de Producci\u00f3n de Galletas, maquinarias, materias primas e insumos necesarios para el proceso que coordina. Especificaci\u00f3n de producto y proceso. Inspecci\u00f3n, evaluaci\u00f3n e identificaci\u00f3n de materias primas, insumos y producto terminado. Trazabilidad, Gesti\u00f3n de crisis, BPM, POES. HACCP: ISO 9000-14000-18000; BRC; 5S; TPM. Riesgo e impactos ambientales significativos del sector que coordina. Food defense y Control estad\u00edstico de procesos. Metodolog\u00eda de los siete pasos de mejora.<\/li>\n<li>Son competencias claves: Nos focalizamos en el consumidor. Lideramos promoviendo el desarrollo de personas. Tomamos decisiones sustentables y nos comprometemos con los resultados.<\/li>\n<li>Disponibilidad horaria para turnos rotativos.<\/li>\n<li>Radicaci\u00f3n en Villa Mercedes (SL).<\/li>\n<\/ul>\n<p><strong>SI QUERES SER PARTE DE NUESTRO EQUIPO, ENVIANOS TU CV A: seleccionvm@arcos.com<\/strong><\/p>\n<p><strong>Indica en Ref.\/ Asunto: Supervisor de Calidad<\/strong><\/p>\n","protected":false},"excerpt":{"rendered":"<p>NOS ENCONTRAMOS EN LA B\u00daSQUEDA DE UN SUPERVISOR DE CALIDAD (VACANTE TEMPORAL) Sus principales responsabilidades ser\u00e1n: Monitorear el cumplimiento de las metodolog\u00edas y criterios para&hellip;<\/p>\n","protected":false},"author":5,"featured_media":1879,"comment_status":"closed","ping_status":"closed","sticky":false,"template":"","format":"standard","meta":{"_monsterinsights_skip_tracking":false,"_monsterinsights_sitenote_active":false,"_monsterinsights_sitenote_note":"","_monsterinsights_sitenote_category":0,"footnotes":""},"categories":[1],"tags":[],"class_list":["post-1899","post","type-post","status-publish","format-standard","has-post-thumbnail","hentry","category-noticias"],"yoast_head":"<!-- This site is optimized with the Yoast SEO plugin v27.0 - https:\/\/yoast.com\/product\/yoast-seo-wordpress\/ -->\n<title>OFERTA LABORAL Vacante BAGLEY ARGENTINA S.A. Villa Mercedes - Secretar\u00eda de Extensi\u00f3n, Vinculaci\u00f3n y Transferencia<\/title>\n<meta name=\"robots\" content=\"index, follow, max-snippet:-1, max-image-preview:large, max-video-preview:-1\" \/>\n<link rel=\"canonical\" href=\"https:\/\/sevt.fica.unsl.edu.ar\/index.php\/oferta-laboral-vacante-bagley-argentina-s-a-villa-mercedes\/\" \/>\n<meta property=\"og:locale\" content=\"es_ES\" \/>\n<meta property=\"og:type\" content=\"article\" \/>\n<meta property=\"og:title\" content=\"OFERTA LABORAL Vacante BAGLEY ARGENTINA S.A. Villa Mercedes - Secretar\u00eda de Extensi\u00f3n, Vinculaci\u00f3n y Transferencia\" \/>\n<meta property=\"og:description\" content=\"NOS ENCONTRAMOS EN LA B\u00daSQUEDA DE UN SUPERVISOR DE CALIDAD (VACANTE TEMPORAL) Sus principales responsabilidades ser\u00e1n: Monitorear el cumplimiento de las metodolog\u00edas y criterios para&hellip;\" \/>\n<meta property=\"og:url\" content=\"https:\/\/sevt.fica.unsl.edu.ar\/index.php\/oferta-laboral-vacante-bagley-argentina-s-a-villa-mercedes\/\" \/>\n<meta property=\"og:site_name\" content=\"Secretar\u00eda de Extensi\u00f3n, Vinculaci\u00f3n y Transferencia\" \/>\n<meta property=\"article:published_time\" content=\"2023-04-26T15:37:00+00:00\" \/>\n<meta property=\"og:image\" content=\"https:\/\/sevt.fica.unsl.edu.ar\/wp-content\/uploads\/2023\/04\/OFERTA-LABORAL.jpg\" \/>\n\t<meta property=\"og:image:width\" content=\"1080\" \/>\n\t<meta property=\"og:image:height\" content=\"1080\" \/>\n\t<meta property=\"og:image:type\" content=\"image\/jpeg\" \/>\n<meta name=\"author\" content=\"DATI\" \/>\n<meta name=\"twitter:card\" content=\"summary_large_image\" \/>\n<meta name=\"twitter:label1\" content=\"Escrito por\" \/>\n\t<meta name=\"twitter:data1\" content=\"DATI\" \/>\n\t<meta name=\"twitter:label2\" content=\"Tiempo de lectura\" \/>\n\t<meta name=\"twitter:data2\" content=\"2 minutos\" \/>\n<script type=\"application\/ld+json\" class=\"yoast-schema-graph\">{\"@context\":\"https:\/\/schema.org\",\"@graph\":[{\"@type\":\"Article\",\"@id\":\"https:\/\/sevt.fica.unsl.edu.ar\/index.php\/oferta-laboral-vacante-bagley-argentina-s-a-villa-mercedes\/#article\",\"isPartOf\":{\"@id\":\"https:\/\/sevt.fica.unsl.edu.ar\/index.php\/oferta-laboral-vacante-bagley-argentina-s-a-villa-mercedes\/\"},\"author\":{\"name\":\"DATI\",\"@id\":\"https:\/\/sevt.fica.unsl.edu.ar\/#\/schema\/person\/39f8490576c1fadc0183ccacf3f7e14a\"},\"headline\":\"OFERTA LABORAL Vacante BAGLEY ARGENTINA S.A. Villa Mercedes\",\"datePublished\":\"2023-04-26T15:37:00+00:00\",\"mainEntityOfPage\":{\"@id\":\"https:\/\/sevt.fica.unsl.edu.ar\/index.php\/oferta-laboral-vacante-bagley-argentina-s-a-villa-mercedes\/\"},\"wordCount\":352,\"publisher\":{\"@id\":\"https:\/\/sevt.fica.unsl.edu.ar\/#organization\"},\"image\":{\"@id\":\"https:\/\/sevt.fica.unsl.edu.ar\/index.php\/oferta-laboral-vacante-bagley-argentina-s-a-villa-mercedes\/#primaryimage\"},\"thumbnailUrl\":\"https:\/\/sevt.fica.unsl.edu.ar\/wp-content\/uploads\/2023\/04\/OFERTA-LABORAL.jpg\",\"articleSection\":[\"Noticias\"],\"inLanguage\":\"es-AR\"},{\"@type\":\"WebPage\",\"@id\":\"https:\/\/sevt.fica.unsl.edu.ar\/index.php\/oferta-laboral-vacante-bagley-argentina-s-a-villa-mercedes\/\",\"url\":\"https:\/\/sevt.fica.unsl.edu.ar\/index.php\/oferta-laboral-vacante-bagley-argentina-s-a-villa-mercedes\/\",\"name\":\"OFERTA LABORAL Vacante BAGLEY ARGENTINA S.A. Villa Mercedes - Secretar\u00eda de Extensi\u00f3n, Vinculaci\u00f3n y Transferencia\",\"isPartOf\":{\"@id\":\"https:\/\/sevt.fica.unsl.edu.ar\/#website\"},\"primaryImageOfPage\":{\"@id\":\"https:\/\/sevt.fica.unsl.edu.ar\/index.php\/oferta-laboral-vacante-bagley-argentina-s-a-villa-mercedes\/#primaryimage\"},\"image\":{\"@id\":\"https:\/\/sevt.fica.unsl.edu.ar\/index.php\/oferta-laboral-vacante-bagley-argentina-s-a-villa-mercedes\/#primaryimage\"},\"thumbnailUrl\":\"https:\/\/sevt.fica.unsl.edu.ar\/wp-content\/uploads\/2023\/04\/OFERTA-LABORAL.jpg\",\"datePublished\":\"2023-04-26T15:37:00+00:00\",\"breadcrumb\":{\"@id\":\"https:\/\/sevt.fica.unsl.edu.ar\/index.php\/oferta-laboral-vacante-bagley-argentina-s-a-villa-mercedes\/#breadcrumb\"},\"inLanguage\":\"es-AR\",\"potentialAction\":[{\"@type\":\"ReadAction\",\"target\":[\"https:\/\/sevt.fica.unsl.edu.ar\/index.php\/oferta-laboral-vacante-bagley-argentina-s-a-villa-mercedes\/\"]}]},{\"@type\":\"ImageObject\",\"inLanguage\":\"es-AR\",\"@id\":\"https:\/\/sevt.fica.unsl.edu.ar\/index.php\/oferta-laboral-vacante-bagley-argentina-s-a-villa-mercedes\/#primaryimage\",\"url\":\"https:\/\/sevt.fica.unsl.edu.ar\/wp-content\/uploads\/2023\/04\/OFERTA-LABORAL.jpg\",\"contentUrl\":\"https:\/\/sevt.fica.unsl.edu.ar\/wp-content\/uploads\/2023\/04\/OFERTA-LABORAL.jpg\",\"width\":1080,\"height\":1080},{\"@type\":\"BreadcrumbList\",\"@id\":\"https:\/\/sevt.fica.unsl.edu.ar\/index.php\/oferta-laboral-vacante-bagley-argentina-s-a-villa-mercedes\/#breadcrumb\",\"itemListElement\":[{\"@type\":\"ListItem\",\"position\":1,\"name\":\"Inicio\",\"item\":\"https:\/\/sevt.fica.unsl.edu.ar\/\"},{\"@type\":\"ListItem\",\"position\":2,\"name\":\"OFERTA LABORAL Vacante BAGLEY ARGENTINA S.A. Villa Mercedes\"}]},{\"@type\":\"WebSite\",\"@id\":\"https:\/\/sevt.fica.unsl.edu.ar\/#website\",\"url\":\"https:\/\/sevt.fica.unsl.edu.ar\/\",\"name\":\"Secretar\u00eda de Extensi\u00f3n, Vinculaci\u00f3n y Transferencia\",\"description\":\"SEVT\",\"publisher\":{\"@id\":\"https:\/\/sevt.fica.unsl.edu.ar\/#organization\"},\"potentialAction\":[{\"@type\":\"SearchAction\",\"target\":{\"@type\":\"EntryPoint\",\"urlTemplate\":\"https:\/\/sevt.fica.unsl.edu.ar\/?s={search_term_string}\"},\"query-input\":{\"@type\":\"PropertyValueSpecification\",\"valueRequired\":true,\"valueName\":\"search_term_string\"}}],\"inLanguage\":\"es-AR\"},{\"@type\":\"Organization\",\"@id\":\"https:\/\/sevt.fica.unsl.edu.ar\/#organization\",\"name\":\"SEVT- Secretar\u00eda de Extensi\u00f3n, Vinculaci\u00f3n y Transferencia\",\"url\":\"https:\/\/sevt.fica.unsl.edu.ar\/\",\"logo\":{\"@type\":\"ImageObject\",\"inLanguage\":\"es-AR\",\"@id\":\"https:\/\/sevt.fica.unsl.edu.ar\/#\/schema\/logo\/image\/\",\"url\":\"https:\/\/sevt.fica.unsl.edu.ar\/wp-content\/uploads\/2020\/11\/SAC.png\",\"contentUrl\":\"https:\/\/sevt.fica.unsl.edu.ar\/wp-content\/uploads\/2020\/11\/SAC.png\",\"width\":4484,\"height\":1231,\"caption\":\"SEVT- Secretar\u00eda de Extensi\u00f3n, Vinculaci\u00f3n y Transferencia\"},\"image\":{\"@id\":\"https:\/\/sevt.fica.unsl.edu.ar\/#\/schema\/logo\/image\/\"}},{\"@type\":\"Person\",\"@id\":\"https:\/\/sevt.fica.unsl.edu.ar\/#\/schema\/person\/39f8490576c1fadc0183ccacf3f7e14a\",\"name\":\"DATI\",\"url\":\"https:\/\/sevt.fica.unsl.edu.ar\/index.php\/author\/sistemasdati\/\"}]}<\/script>\n<!-- \/ Yoast SEO plugin. -->","yoast_head_json":{"title":"OFERTA LABORAL Vacante BAGLEY ARGENTINA S.A. Villa Mercedes - Secretar\u00eda de Extensi\u00f3n, Vinculaci\u00f3n y Transferencia","robots":{"index":"index","follow":"follow","max-snippet":"max-snippet:-1","max-image-preview":"max-image-preview:large","max-video-preview":"max-video-preview:-1"},"canonical":"https:\/\/sevt.fica.unsl.edu.ar\/index.php\/oferta-laboral-vacante-bagley-argentina-s-a-villa-mercedes\/","og_locale":"es_ES","og_type":"article","og_title":"OFERTA LABORAL Vacante BAGLEY ARGENTINA S.A. Villa Mercedes - Secretar\u00eda de Extensi\u00f3n, Vinculaci\u00f3n y Transferencia","og_description":"NOS ENCONTRAMOS EN LA B\u00daSQUEDA DE UN SUPERVISOR DE CALIDAD (VACANTE TEMPORAL) Sus principales responsabilidades ser\u00e1n: Monitorear el cumplimiento de las metodolog\u00edas y criterios para&hellip;","og_url":"https:\/\/sevt.fica.unsl.edu.ar\/index.php\/oferta-laboral-vacante-bagley-argentina-s-a-villa-mercedes\/","og_site_name":"Secretar\u00eda de Extensi\u00f3n, Vinculaci\u00f3n y Transferencia","article_published_time":"2023-04-26T15:37:00+00:00","og_image":[{"width":1080,"height":1080,"url":"https:\/\/sevt.fica.unsl.edu.ar\/wp-content\/uploads\/2023\/04\/OFERTA-LABORAL.jpg","type":"image\/jpeg"}],"author":"DATI","twitter_card":"summary_large_image","twitter_misc":{"Escrito por":"DATI","Tiempo de lectura":"2 minutos"},"schema":{"@context":"https:\/\/schema.org","@graph":[{"@type":"Article","@id":"https:\/\/sevt.fica.unsl.edu.ar\/index.php\/oferta-laboral-vacante-bagley-argentina-s-a-villa-mercedes\/#article","isPartOf":{"@id":"https:\/\/sevt.fica.unsl.edu.ar\/index.php\/oferta-laboral-vacante-bagley-argentina-s-a-villa-mercedes\/"},"author":{"name":"DATI","@id":"https:\/\/sevt.fica.unsl.edu.ar\/#\/schema\/person\/39f8490576c1fadc0183ccacf3f7e14a"},"headline":"OFERTA LABORAL Vacante BAGLEY ARGENTINA S.A. Villa Mercedes","datePublished":"2023-04-26T15:37:00+00:00","mainEntityOfPage":{"@id":"https:\/\/sevt.fica.unsl.edu.ar\/index.php\/oferta-laboral-vacante-bagley-argentina-s-a-villa-mercedes\/"},"wordCount":352,"publisher":{"@id":"https:\/\/sevt.fica.unsl.edu.ar\/#organization"},"image":{"@id":"https:\/\/sevt.fica.unsl.edu.ar\/index.php\/oferta-laboral-vacante-bagley-argentina-s-a-villa-mercedes\/#primaryimage"},"thumbnailUrl":"https:\/\/sevt.fica.unsl.edu.ar\/wp-content\/uploads\/2023\/04\/OFERTA-LABORAL.jpg","articleSection":["Noticias"],"inLanguage":"es-AR"},{"@type":"WebPage","@id":"https:\/\/sevt.fica.unsl.edu.ar\/index.php\/oferta-laboral-vacante-bagley-argentina-s-a-villa-mercedes\/","url":"https:\/\/sevt.fica.unsl.edu.ar\/index.php\/oferta-laboral-vacante-bagley-argentina-s-a-villa-mercedes\/","name":"OFERTA LABORAL Vacante BAGLEY ARGENTINA S.A. Villa Mercedes - Secretar\u00eda de Extensi\u00f3n, Vinculaci\u00f3n y Transferencia","isPartOf":{"@id":"https:\/\/sevt.fica.unsl.edu.ar\/#website"},"primaryImageOfPage":{"@id":"https:\/\/sevt.fica.unsl.edu.ar\/index.php\/oferta-laboral-vacante-bagley-argentina-s-a-villa-mercedes\/#primaryimage"},"image":{"@id":"https:\/\/sevt.fica.unsl.edu.ar\/index.php\/oferta-laboral-vacante-bagley-argentina-s-a-villa-mercedes\/#primaryimage"},"thumbnailUrl":"https:\/\/sevt.fica.unsl.edu.ar\/wp-content\/uploads\/2023\/04\/OFERTA-LABORAL.jpg","datePublished":"2023-04-26T15:37:00+00:00","breadcrumb":{"@id":"https:\/\/sevt.fica.unsl.edu.ar\/index.php\/oferta-laboral-vacante-bagley-argentina-s-a-villa-mercedes\/#breadcrumb"},"inLanguage":"es-AR","potentialAction":[{"@type":"ReadAction","target":["https:\/\/sevt.fica.unsl.edu.ar\/index.php\/oferta-laboral-vacante-bagley-argentina-s-a-villa-mercedes\/"]}]},{"@type":"ImageObject","inLanguage":"es-AR","@id":"https:\/\/sevt.fica.unsl.edu.ar\/index.php\/oferta-laboral-vacante-bagley-argentina-s-a-villa-mercedes\/#primaryimage","url":"https:\/\/sevt.fica.unsl.edu.ar\/wp-content\/uploads\/2023\/04\/OFERTA-LABORAL.jpg","contentUrl":"https:\/\/sevt.fica.unsl.edu.ar\/wp-content\/uploads\/2023\/04\/OFERTA-LABORAL.jpg","width":1080,"height":1080},{"@type":"BreadcrumbList","@id":"https:\/\/sevt.fica.unsl.edu.ar\/index.php\/oferta-laboral-vacante-bagley-argentina-s-a-villa-mercedes\/#breadcrumb","itemListElement":[{"@type":"ListItem","position":1,"name":"Inicio","item":"https:\/\/sevt.fica.unsl.edu.ar\/"},{"@type":"ListItem","position":2,"name":"OFERTA LABORAL Vacante BAGLEY ARGENTINA S.A. Villa Mercedes"}]},{"@type":"WebSite","@id":"https:\/\/sevt.fica.unsl.edu.ar\/#website","url":"https:\/\/sevt.fica.unsl.edu.ar\/","name":"Secretar\u00eda de Extensi\u00f3n, Vinculaci\u00f3n y Transferencia","description":"SEVT","publisher":{"@id":"https:\/\/sevt.fica.unsl.edu.ar\/#organization"},"potentialAction":[{"@type":"SearchAction","target":{"@type":"EntryPoint","urlTemplate":"https:\/\/sevt.fica.unsl.edu.ar\/?s={search_term_string}"},"query-input":{"@type":"PropertyValueSpecification","valueRequired":true,"valueName":"search_term_string"}}],"inLanguage":"es-AR"},{"@type":"Organization","@id":"https:\/\/sevt.fica.unsl.edu.ar\/#organization","name":"SEVT- Secretar\u00eda de Extensi\u00f3n, Vinculaci\u00f3n y Transferencia","url":"https:\/\/sevt.fica.unsl.edu.ar\/","logo":{"@type":"ImageObject","inLanguage":"es-AR","@id":"https:\/\/sevt.fica.unsl.edu.ar\/#\/schema\/logo\/image\/","url":"https:\/\/sevt.fica.unsl.edu.ar\/wp-content\/uploads\/2020\/11\/SAC.png","contentUrl":"https:\/\/sevt.fica.unsl.edu.ar\/wp-content\/uploads\/2020\/11\/SAC.png","width":4484,"height":1231,"caption":"SEVT- Secretar\u00eda de Extensi\u00f3n, Vinculaci\u00f3n y Transferencia"},"image":{"@id":"https:\/\/sevt.fica.unsl.edu.ar\/#\/schema\/logo\/image\/"}},{"@type":"Person","@id":"https:\/\/sevt.fica.unsl.edu.ar\/#\/schema\/person\/39f8490576c1fadc0183ccacf3f7e14a","name":"DATI","url":"https:\/\/sevt.fica.unsl.edu.ar\/index.php\/author\/sistemasdati\/"}]}},"_links":{"self":[{"href":"https:\/\/sevt.fica.unsl.edu.ar\/index.php\/wp-json\/wp\/v2\/posts\/1899","targetHints":{"allow":["GET"]}}],"collection":[{"href":"https:\/\/sevt.fica.unsl.edu.ar\/index.php\/wp-json\/wp\/v2\/posts"}],"about":[{"href":"https:\/\/sevt.fica.unsl.edu.ar\/index.php\/wp-json\/wp\/v2\/types\/post"}],"author":[{"embeddable":true,"href":"https:\/\/sevt.fica.unsl.edu.ar\/index.php\/wp-json\/wp\/v2\/users\/5"}],"replies":[{"embeddable":true,"href":"https:\/\/sevt.fica.unsl.edu.ar\/index.php\/wp-json\/wp\/v2\/comments?post=1899"}],"version-history":[{"count":2,"href":"https:\/\/sevt.fica.unsl.edu.ar\/index.php\/wp-json\/wp\/v2\/posts\/1899\/revisions"}],"predecessor-version":[{"id":1901,"href":"https:\/\/sevt.fica.unsl.edu.ar\/index.php\/wp-json\/wp\/v2\/posts\/1899\/revisions\/1901"}],"wp:featuredmedia":[{"embeddable":true,"href":"https:\/\/sevt.fica.unsl.edu.ar\/index.php\/wp-json\/wp\/v2\/media\/1879"}],"wp:attachment":[{"href":"https:\/\/sevt.fica.unsl.edu.ar\/index.php\/wp-json\/wp\/v2\/media?parent=1899"}],"wp:term":[{"taxonomy":"category","embeddable":true,"href":"https:\/\/sevt.fica.unsl.edu.ar\/index.php\/wp-json\/wp\/v2\/categories?post=1899"},{"taxonomy":"post_tag","embeddable":true,"href":"https:\/\/sevt.fica.unsl.edu.ar\/index.php\/wp-json\/wp\/v2\/tags?post=1899"}],"curies":[{"name":"wp","href":"https:\/\/api.w.org\/{rel}","templated":true}]}}