{"id":1839,"date":"2023-04-04T11:46:42","date_gmt":"2023-04-04T14:46:42","guid":{"rendered":"http:\/\/10.101.10.196\/sevt\/?p=1839"},"modified":"2023-04-04T12:11:38","modified_gmt":"2023-04-04T15:11:38","slug":"diplomatura-en-gestion-de-competencias-interpersonales-2","status":"publish","type":"post","link":"https:\/\/sevt.fica.unsl.edu.ar\/index.php\/diplomatura-en-gestion-de-competencias-interpersonales-2\/","title":{"rendered":"Diplomatura en Gesti\u00f3n de Competencias Interpersonales"},"content":{"rendered":"<p>La Facultad de Ingenier\u00eda y Ciencias Agropecuarias de la UNSL abre la preinscripci\u00f3n para una nueva Diplomatura en Gesti\u00f3n de Competencias Interpersonales.\u00a0<a href=\"https:\/\/sevt.fica.unsl.edu.ar\/wp-content\/uploads\/2022\/06\/Resolucion-Diplomaturas.pdf\" target=\"_blank\" rel=\"noopener\">[Ordenanza C.S. N\u00b0 21\/2020]<\/a><\/p>\n<p><strong>Comienza a dictarse a partir del d\u00eda viernes 14 abril de 2023.<\/strong><\/p>\n<p>Se reconocer\u00e1n m\u00f3dulos como materias electivas a estudiantes de carreras de FICA.\u00a0<a href=\"https:\/\/sevt.fica.unsl.edu.ar\/wp-content\/uploads\/2022\/06\/Resolucion-equivalencia-electivas.pdf\" target=\"_blank\" rel=\"noopener\">[Resoluci\u00f3n D. N\u00b0 480\/2022]<\/a><\/p>\n<p style=\"font-weight: 400;\">Formulario de inscripci\u00f3n y bases en el siguiente enlace:<\/p>\n<p style=\"font-weight: 400;\"><a href=\"https:\/\/sevt.fica.unsl.edu.ar\/index.php\/dgci\/\" data-saferedirecturl=\"https:\/\/www.google.com\/url?q=https:\/\/sevt.fica.unsl.edu.ar\/index.php\/dgci\/&amp;source=gmail&amp;ust=1680361626912000&amp;usg=AOvVaw3RogNSnKIjkx6Thrq3U6LU\">https:\/\/sevt.fica.unsl.edu.ar\/index.php\/dgci\/<\/a><\/p>\n<p><span style=\"color: #ff6600;\"><strong>OBJETIVO GENERAL<\/strong><\/span><\/p>\n<p>Desarrollar competencias interpersonales que contribuyan al desempe\u00f1o profesional, generando mayores oportunidades de empleo, e incrementando la efectividad en el \u00e1mbito de trabajo organizacional.<\/p>\n<p><span style=\"color: #ff6600;\"><strong>DESTINATARIOS<\/strong><\/span><\/p>\n<p>La misma esta orientada a profesionales y\/o graduados universitarios de distintas disciplinas que quieran perfeccionar sus habilidades interpersonales de comunicaci\u00f3n, y a estudiantes avanzados de todas las carreras de la Facultad de Ingenier\u00eda y Ciencias Agropecuarias.<\/p>\n<p>La Diplomatura estar\u00e1 estructurada en M\u00f3dulos, cada uno con evaluaci\u00f3n Individual.<\/p>\n<ul>\n<li><strong>Inteligencia emocional <\/strong><\/li>\n<li><strong>Comunicaci\u00f3n efectiva<\/strong><\/li>\n<li><strong>Desarrollo Tecnol\u00f3gico Exponencial y Neuroliderazgo \u00a0<\/strong><\/li>\n<li><strong>Mercado laboral actual<\/strong><\/li>\n<li><strong>Motivaci\u00f3n y automotivaci\u00f3n<\/strong><\/li>\n<li><strong>Liderazgo<\/strong><\/li>\n<li><strong>Trabajo en equipo<\/strong><\/li>\n<li><strong>Creatividad e innovaci\u00f3n<\/strong><\/li>\n<\/ul>\n<p><span style=\"color: #ff6600;\"><strong><u>M\u00f3dulos Optativos<br \/>\n<\/u><\/strong><\/span>Se prev\u00e9 incorporar\/alternar con diferentes m\u00f3dulos optativos que se adapten y den respuesta a las necesidades y\/o requerimientos del mercado laboral y\/o de los posibles interesados y que est\u00e9n en relaci\u00f3n con Gesti\u00f3n de Competencias Interpersonales.<\/p>\n<p><strong><span style=\"color: #ff6600;\">MODALIDAD DE DICTADO<\/span><\/strong><\/p>\n<p>Modalidad presencial\/ virtual<\/p>\n<p>Los encuentros presenciales tendr\u00e1n lugar en el Campus Universitario de FICA, en espacio f\u00edsico a determinar.<\/p>\n<p>Las actividades virtuales se realizar\u00e1n utilizando los recursos digitales con los que cuenta la Universidad Nacional de San Luis, Zoom, o Google Meet.<\/p>\n<p><strong><span style=\"color: #ff6600;\">CONDICIONES PARA LA APROBACI\u00d3N<\/span><\/strong><\/p>\n<p>Es requerimiento para aprobar la Diplomatura haber aprobado todos los M\u00f3dulos con calificaci\u00f3n mayor o igual a siete (7) puntos.<\/p>\n<p>Se podr\u00e1 cursar y aprobar cada M\u00f3dulo de forma individual, con extensi\u00f3n del correspondiente certificado para el alumno.<\/p>\n<p><strong><span style=\"color: #ff6600;\">ARANCELES<\/span><\/strong><\/p>\n<ul>\n<li>Cada Modulo individual tendr\u00e1 un costo de $6000<\/li>\n<li>Para Nodocentes $2000<\/li>\n<li>Existir\u00e1n cupos de becas para estudiantes avanzados de las carreras de Ingenier\u00eda de FICA.<\/li>\n<li>Para acceder a la beca, los estudiantes interesados deber\u00e1n subir un Certificado de Estudiante Regular en el Formulario de Inscripci\u00f3n.<\/li>\n<\/ul>\n<p><strong><span style=\"color: #ff6600;\">CONTACTOS<\/span><\/strong><\/p>\n<p>Para mayor informaci\u00f3n, consultar al siguiente correo:<\/p>\n<div class=\"elementor-column elementor-col-33 elementor-inner-column elementor-element elementor-element-183ba31\" data-id=\"183ba31\" data-element_type=\"column\">\n<div class=\"elementor-column-wrap elementor-element-populated\">\n<div class=\"elementor-widget-wrap\">\n<div class=\"elementor-element elementor-element-e7ff3d1 elementor-widget elementor-widget-text-editor\" data-id=\"e7ff3d1\" data-element_type=\"widget\" data-widget_type=\"text-editor.default\">\n<div class=\"elementor-widget-container\">\n<div class=\"elementor-text-editor elementor-clearfix\">\n<div class=\"elementor-column elementor-col-33 elementor-inner-column elementor-element elementor-element-daa714e\" data-id=\"daa714e\" data-element_type=\"column\">\n<div class=\"elementor-column-wrap elementor-element-populated\">\n<div class=\"elementor-widget-wrap\">\n<div class=\"elementor-element elementor-element-0e04a67 elementor-widget elementor-widget-text-editor\" data-id=\"0e04a67\" data-element_type=\"widget\" data-widget_type=\"text-editor.default\">\n<div class=\"elementor-widget-container\">\n<div class=\"elementor-column elementor-col-33 elementor-inner-column elementor-element elementor-element-b841fee\" data-id=\"b841fee\" data-element_type=\"column\">\n<div class=\"elementor-column-wrap elementor-element-populated\">\n<div class=\"elementor-widget-wrap\">\n<div class=\"elementor-element elementor-element-926e832 elementor-widget elementor-widget-text-editor\" data-id=\"926e832\" data-element_type=\"widget\" data-widget_type=\"text-editor.default\">\n<div class=\"elementor-widget-container\">\n<div class=\"elementor-text-editor elementor-clearfix\">\n<div class=\"elementor-column elementor-col-33 elementor-inner-column elementor-element elementor-element-454a924\" data-id=\"454a924\" data-element_type=\"column\">\n<div class=\"elementor-column-wrap elementor-element-populated\">\n<div class=\"elementor-widget-wrap\">\n<div class=\"elementor-element elementor-element-f17387b elementor-widget elementor-widget-text-editor\" data-id=\"f17387b\" data-element_type=\"widget\" data-widget_type=\"text-editor.default\">\n<div class=\"elementor-widget-container\">\n<div class=\"elementor-text-editor elementor-clearfix\">\n<p><b><a href=\"mailto:diplomaturagci@gmail.com\" target=\"_blank\" rel=\"noopener noreferrer\">diplomaturagci@gmail.com<\/a><\/b><\/p>\n<\/div>\n<\/div>\n<\/div>\n<\/div>\n<\/div>\n<\/div>\n<\/div>\n<\/div>\n<\/div>\n<\/div>\n<\/div>\n<\/div>\n<\/div>\n<\/div>\n<\/div>\n<\/div>\n<\/div>\n<\/div>\n<\/div>\n<\/div>\n<\/div>\n<\/div>\n<\/div>\n","protected":false},"excerpt":{"rendered":"<p>La Facultad de Ingenier\u00eda y Ciencias Agropecuarias de la UNSL abre la preinscripci\u00f3n para una nueva Diplomatura en Gesti\u00f3n de Competencias Interpersonales.\u00a0[Ordenanza C.S. N\u00b0 21\/2020]&hellip;<\/p>\n","protected":false},"author":5,"featured_media":1847,"comment_status":"closed","ping_status":"closed","sticky":false,"template":"","format":"standard","meta":{"_monsterinsights_skip_tracking":false,"_monsterinsights_sitenote_active":false,"_monsterinsights_sitenote_note":"","_monsterinsights_sitenote_category":0,"footnotes":""},"categories":[1],"tags":[],"class_list":["post-1839","post","type-post","status-publish","format-standard","has-post-thumbnail","hentry","category-noticias"],"yoast_head":"<!-- This site is optimized with the Yoast SEO plugin v27.0 - https:\/\/yoast.com\/product\/yoast-seo-wordpress\/ -->\n<title>Diplomatura en Gesti\u00f3n de Competencias Interpersonales - Secretar\u00eda de Extensi\u00f3n, Vinculaci\u00f3n y Transferencia<\/title>\n<meta name=\"robots\" content=\"index, follow, max-snippet:-1, max-image-preview:large, max-video-preview:-1\" \/>\n<link rel=\"canonical\" href=\"https:\/\/sevt.fica.unsl.edu.ar\/index.php\/diplomatura-en-gestion-de-competencias-interpersonales-2\/\" \/>\n<meta property=\"og:locale\" content=\"es_ES\" \/>\n<meta property=\"og:type\" content=\"article\" \/>\n<meta property=\"og:title\" content=\"Diplomatura en Gesti\u00f3n de Competencias Interpersonales - Secretar\u00eda de Extensi\u00f3n, Vinculaci\u00f3n y Transferencia\" \/>\n<meta property=\"og:description\" content=\"La Facultad de Ingenier\u00eda y Ciencias Agropecuarias de la UNSL abre la preinscripci\u00f3n para una nueva Diplomatura en Gesti\u00f3n de Competencias Interpersonales.\u00a0[Ordenanza C.S. N\u00b0 21\/2020]&hellip;\" \/>\n<meta property=\"og:url\" content=\"https:\/\/sevt.fica.unsl.edu.ar\/index.php\/diplomatura-en-gestion-de-competencias-interpersonales-2\/\" \/>\n<meta property=\"og:site_name\" content=\"Secretar\u00eda de Extensi\u00f3n, Vinculaci\u00f3n y Transferencia\" \/>\n<meta property=\"article:published_time\" content=\"2023-04-04T14:46:42+00:00\" \/>\n<meta property=\"article:modified_time\" content=\"2023-04-04T15:11:38+00:00\" \/>\n<meta property=\"og:image\" content=\"https:\/\/sevt.fica.unsl.edu.ar\/wp-content\/uploads\/2023\/04\/2023FLYER-DIPLOMATURA-scaled.jpg\" \/>\n\t<meta property=\"og:image:width\" content=\"2048\" \/>\n\t<meta property=\"og:image:height\" content=\"2560\" \/>\n\t<meta property=\"og:image:type\" content=\"image\/jpeg\" \/>\n<meta name=\"author\" content=\"DATI\" \/>\n<meta name=\"twitter:card\" content=\"summary_large_image\" \/>\n<meta name=\"twitter:label1\" content=\"Escrito por\" \/>\n\t<meta name=\"twitter:data1\" content=\"DATI\" \/>\n\t<meta name=\"twitter:label2\" content=\"Tiempo de lectura\" \/>\n\t<meta name=\"twitter:data2\" content=\"2 minutos\" \/>\n<script type=\"application\/ld+json\" class=\"yoast-schema-graph\">{\"@context\":\"https:\/\/schema.org\",\"@graph\":[{\"@type\":\"Article\",\"@id\":\"https:\/\/sevt.fica.unsl.edu.ar\/index.php\/diplomatura-en-gestion-de-competencias-interpersonales-2\/#article\",\"isPartOf\":{\"@id\":\"https:\/\/sevt.fica.unsl.edu.ar\/index.php\/diplomatura-en-gestion-de-competencias-interpersonales-2\/\"},\"author\":{\"name\":\"DATI\",\"@id\":\"https:\/\/sevt.fica.unsl.edu.ar\/#\/schema\/person\/39f8490576c1fadc0183ccacf3f7e14a\"},\"headline\":\"Diplomatura en Gesti\u00f3n de Competencias Interpersonales\",\"datePublished\":\"2023-04-04T14:46:42+00:00\",\"dateModified\":\"2023-04-04T15:11:38+00:00\",\"mainEntityOfPage\":{\"@id\":\"https:\/\/sevt.fica.unsl.edu.ar\/index.php\/diplomatura-en-gestion-de-competencias-interpersonales-2\/\"},\"wordCount\":390,\"publisher\":{\"@id\":\"https:\/\/sevt.fica.unsl.edu.ar\/#organization\"},\"image\":{\"@id\":\"https:\/\/sevt.fica.unsl.edu.ar\/index.php\/diplomatura-en-gestion-de-competencias-interpersonales-2\/#primaryimage\"},\"thumbnailUrl\":\"https:\/\/sevt.fica.unsl.edu.ar\/wp-content\/uploads\/2023\/04\/2023FLYER-DIPLOMATURA-scaled.jpg\",\"articleSection\":[\"Noticias\"],\"inLanguage\":\"es-AR\"},{\"@type\":\"WebPage\",\"@id\":\"https:\/\/sevt.fica.unsl.edu.ar\/index.php\/diplomatura-en-gestion-de-competencias-interpersonales-2\/\",\"url\":\"https:\/\/sevt.fica.unsl.edu.ar\/index.php\/diplomatura-en-gestion-de-competencias-interpersonales-2\/\",\"name\":\"Diplomatura en Gesti\u00f3n de Competencias Interpersonales - Secretar\u00eda de Extensi\u00f3n, Vinculaci\u00f3n y Transferencia\",\"isPartOf\":{\"@id\":\"https:\/\/sevt.fica.unsl.edu.ar\/#website\"},\"primaryImageOfPage\":{\"@id\":\"https:\/\/sevt.fica.unsl.edu.ar\/index.php\/diplomatura-en-gestion-de-competencias-interpersonales-2\/#primaryimage\"},\"image\":{\"@id\":\"https:\/\/sevt.fica.unsl.edu.ar\/index.php\/diplomatura-en-gestion-de-competencias-interpersonales-2\/#primaryimage\"},\"thumbnailUrl\":\"https:\/\/sevt.fica.unsl.edu.ar\/wp-content\/uploads\/2023\/04\/2023FLYER-DIPLOMATURA-scaled.jpg\",\"datePublished\":\"2023-04-04T14:46:42+00:00\",\"dateModified\":\"2023-04-04T15:11:38+00:00\",\"breadcrumb\":{\"@id\":\"https:\/\/sevt.fica.unsl.edu.ar\/index.php\/diplomatura-en-gestion-de-competencias-interpersonales-2\/#breadcrumb\"},\"inLanguage\":\"es-AR\",\"potentialAction\":[{\"@type\":\"ReadAction\",\"target\":[\"https:\/\/sevt.fica.unsl.edu.ar\/index.php\/diplomatura-en-gestion-de-competencias-interpersonales-2\/\"]}]},{\"@type\":\"ImageObject\",\"inLanguage\":\"es-AR\",\"@id\":\"https:\/\/sevt.fica.unsl.edu.ar\/index.php\/diplomatura-en-gestion-de-competencias-interpersonales-2\/#primaryimage\",\"url\":\"https:\/\/sevt.fica.unsl.edu.ar\/wp-content\/uploads\/2023\/04\/2023FLYER-DIPLOMATURA-scaled.jpg\",\"contentUrl\":\"https:\/\/sevt.fica.unsl.edu.ar\/wp-content\/uploads\/2023\/04\/2023FLYER-DIPLOMATURA-scaled.jpg\",\"width\":2048,\"height\":2560},{\"@type\":\"BreadcrumbList\",\"@id\":\"https:\/\/sevt.fica.unsl.edu.ar\/index.php\/diplomatura-en-gestion-de-competencias-interpersonales-2\/#breadcrumb\",\"itemListElement\":[{\"@type\":\"ListItem\",\"position\":1,\"name\":\"Inicio\",\"item\":\"https:\/\/sevt.fica.unsl.edu.ar\/\"},{\"@type\":\"ListItem\",\"position\":2,\"name\":\"Diplomatura en Gesti\u00f3n de Competencias Interpersonales\"}]},{\"@type\":\"WebSite\",\"@id\":\"https:\/\/sevt.fica.unsl.edu.ar\/#website\",\"url\":\"https:\/\/sevt.fica.unsl.edu.ar\/\",\"name\":\"Secretar\u00eda de Extensi\u00f3n, Vinculaci\u00f3n y Transferencia\",\"description\":\"SEVT\",\"publisher\":{\"@id\":\"https:\/\/sevt.fica.unsl.edu.ar\/#organization\"},\"potentialAction\":[{\"@type\":\"SearchAction\",\"target\":{\"@type\":\"EntryPoint\",\"urlTemplate\":\"https:\/\/sevt.fica.unsl.edu.ar\/?s={search_term_string}\"},\"query-input\":{\"@type\":\"PropertyValueSpecification\",\"valueRequired\":true,\"valueName\":\"search_term_string\"}}],\"inLanguage\":\"es-AR\"},{\"@type\":\"Organization\",\"@id\":\"https:\/\/sevt.fica.unsl.edu.ar\/#organization\",\"name\":\"SEVT- Secretar\u00eda de Extensi\u00f3n, Vinculaci\u00f3n y Transferencia\",\"url\":\"https:\/\/sevt.fica.unsl.edu.ar\/\",\"logo\":{\"@type\":\"ImageObject\",\"inLanguage\":\"es-AR\",\"@id\":\"https:\/\/sevt.fica.unsl.edu.ar\/#\/schema\/logo\/image\/\",\"url\":\"https:\/\/sevt.fica.unsl.edu.ar\/wp-content\/uploads\/2020\/11\/SAC.png\",\"contentUrl\":\"https:\/\/sevt.fica.unsl.edu.ar\/wp-content\/uploads\/2020\/11\/SAC.png\",\"width\":4484,\"height\":1231,\"caption\":\"SEVT- Secretar\u00eda de Extensi\u00f3n, Vinculaci\u00f3n y Transferencia\"},\"image\":{\"@id\":\"https:\/\/sevt.fica.unsl.edu.ar\/#\/schema\/logo\/image\/\"}},{\"@type\":\"Person\",\"@id\":\"https:\/\/sevt.fica.unsl.edu.ar\/#\/schema\/person\/39f8490576c1fadc0183ccacf3f7e14a\",\"name\":\"DATI\",\"url\":\"https:\/\/sevt.fica.unsl.edu.ar\/index.php\/author\/sistemasdati\/\"}]}<\/script>\n<!-- \/ Yoast SEO plugin. -->","yoast_head_json":{"title":"Diplomatura en Gesti\u00f3n de Competencias Interpersonales - Secretar\u00eda de Extensi\u00f3n, Vinculaci\u00f3n y Transferencia","robots":{"index":"index","follow":"follow","max-snippet":"max-snippet:-1","max-image-preview":"max-image-preview:large","max-video-preview":"max-video-preview:-1"},"canonical":"https:\/\/sevt.fica.unsl.edu.ar\/index.php\/diplomatura-en-gestion-de-competencias-interpersonales-2\/","og_locale":"es_ES","og_type":"article","og_title":"Diplomatura en Gesti\u00f3n de Competencias Interpersonales - Secretar\u00eda de Extensi\u00f3n, Vinculaci\u00f3n y Transferencia","og_description":"La Facultad de Ingenier\u00eda y Ciencias Agropecuarias de la UNSL abre la preinscripci\u00f3n para una nueva Diplomatura en Gesti\u00f3n de Competencias Interpersonales.\u00a0[Ordenanza C.S. N\u00b0 21\/2020]&hellip;","og_url":"https:\/\/sevt.fica.unsl.edu.ar\/index.php\/diplomatura-en-gestion-de-competencias-interpersonales-2\/","og_site_name":"Secretar\u00eda de Extensi\u00f3n, Vinculaci\u00f3n y Transferencia","article_published_time":"2023-04-04T14:46:42+00:00","article_modified_time":"2023-04-04T15:11:38+00:00","og_image":[{"width":2048,"height":2560,"url":"https:\/\/sevt.fica.unsl.edu.ar\/wp-content\/uploads\/2023\/04\/2023FLYER-DIPLOMATURA-scaled.jpg","type":"image\/jpeg"}],"author":"DATI","twitter_card":"summary_large_image","twitter_misc":{"Escrito por":"DATI","Tiempo de lectura":"2 minutos"},"schema":{"@context":"https:\/\/schema.org","@graph":[{"@type":"Article","@id":"https:\/\/sevt.fica.unsl.edu.ar\/index.php\/diplomatura-en-gestion-de-competencias-interpersonales-2\/#article","isPartOf":{"@id":"https:\/\/sevt.fica.unsl.edu.ar\/index.php\/diplomatura-en-gestion-de-competencias-interpersonales-2\/"},"author":{"name":"DATI","@id":"https:\/\/sevt.fica.unsl.edu.ar\/#\/schema\/person\/39f8490576c1fadc0183ccacf3f7e14a"},"headline":"Diplomatura en Gesti\u00f3n de Competencias Interpersonales","datePublished":"2023-04-04T14:46:42+00:00","dateModified":"2023-04-04T15:11:38+00:00","mainEntityOfPage":{"@id":"https:\/\/sevt.fica.unsl.edu.ar\/index.php\/diplomatura-en-gestion-de-competencias-interpersonales-2\/"},"wordCount":390,"publisher":{"@id":"https:\/\/sevt.fica.unsl.edu.ar\/#organization"},"image":{"@id":"https:\/\/sevt.fica.unsl.edu.ar\/index.php\/diplomatura-en-gestion-de-competencias-interpersonales-2\/#primaryimage"},"thumbnailUrl":"https:\/\/sevt.fica.unsl.edu.ar\/wp-content\/uploads\/2023\/04\/2023FLYER-DIPLOMATURA-scaled.jpg","articleSection":["Noticias"],"inLanguage":"es-AR"},{"@type":"WebPage","@id":"https:\/\/sevt.fica.unsl.edu.ar\/index.php\/diplomatura-en-gestion-de-competencias-interpersonales-2\/","url":"https:\/\/sevt.fica.unsl.edu.ar\/index.php\/diplomatura-en-gestion-de-competencias-interpersonales-2\/","name":"Diplomatura en Gesti\u00f3n de Competencias Interpersonales - Secretar\u00eda de Extensi\u00f3n, Vinculaci\u00f3n y Transferencia","isPartOf":{"@id":"https:\/\/sevt.fica.unsl.edu.ar\/#website"},"primaryImageOfPage":{"@id":"https:\/\/sevt.fica.unsl.edu.ar\/index.php\/diplomatura-en-gestion-de-competencias-interpersonales-2\/#primaryimage"},"image":{"@id":"https:\/\/sevt.fica.unsl.edu.ar\/index.php\/diplomatura-en-gestion-de-competencias-interpersonales-2\/#primaryimage"},"thumbnailUrl":"https:\/\/sevt.fica.unsl.edu.ar\/wp-content\/uploads\/2023\/04\/2023FLYER-DIPLOMATURA-scaled.jpg","datePublished":"2023-04-04T14:46:42+00:00","dateModified":"2023-04-04T15:11:38+00:00","breadcrumb":{"@id":"https:\/\/sevt.fica.unsl.edu.ar\/index.php\/diplomatura-en-gestion-de-competencias-interpersonales-2\/#breadcrumb"},"inLanguage":"es-AR","potentialAction":[{"@type":"ReadAction","target":["https:\/\/sevt.fica.unsl.edu.ar\/index.php\/diplomatura-en-gestion-de-competencias-interpersonales-2\/"]}]},{"@type":"ImageObject","inLanguage":"es-AR","@id":"https:\/\/sevt.fica.unsl.edu.ar\/index.php\/diplomatura-en-gestion-de-competencias-interpersonales-2\/#primaryimage","url":"https:\/\/sevt.fica.unsl.edu.ar\/wp-content\/uploads\/2023\/04\/2023FLYER-DIPLOMATURA-scaled.jpg","contentUrl":"https:\/\/sevt.fica.unsl.edu.ar\/wp-content\/uploads\/2023\/04\/2023FLYER-DIPLOMATURA-scaled.jpg","width":2048,"height":2560},{"@type":"BreadcrumbList","@id":"https:\/\/sevt.fica.unsl.edu.ar\/index.php\/diplomatura-en-gestion-de-competencias-interpersonales-2\/#breadcrumb","itemListElement":[{"@type":"ListItem","position":1,"name":"Inicio","item":"https:\/\/sevt.fica.unsl.edu.ar\/"},{"@type":"ListItem","position":2,"name":"Diplomatura en Gesti\u00f3n de Competencias Interpersonales"}]},{"@type":"WebSite","@id":"https:\/\/sevt.fica.unsl.edu.ar\/#website","url":"https:\/\/sevt.fica.unsl.edu.ar\/","name":"Secretar\u00eda de Extensi\u00f3n, Vinculaci\u00f3n y Transferencia","description":"SEVT","publisher":{"@id":"https:\/\/sevt.fica.unsl.edu.ar\/#organization"},"potentialAction":[{"@type":"SearchAction","target":{"@type":"EntryPoint","urlTemplate":"https:\/\/sevt.fica.unsl.edu.ar\/?s={search_term_string}"},"query-input":{"@type":"PropertyValueSpecification","valueRequired":true,"valueName":"search_term_string"}}],"inLanguage":"es-AR"},{"@type":"Organization","@id":"https:\/\/sevt.fica.unsl.edu.ar\/#organization","name":"SEVT- Secretar\u00eda de Extensi\u00f3n, Vinculaci\u00f3n y Transferencia","url":"https:\/\/sevt.fica.unsl.edu.ar\/","logo":{"@type":"ImageObject","inLanguage":"es-AR","@id":"https:\/\/sevt.fica.unsl.edu.ar\/#\/schema\/logo\/image\/","url":"https:\/\/sevt.fica.unsl.edu.ar\/wp-content\/uploads\/2020\/11\/SAC.png","contentUrl":"https:\/\/sevt.fica.unsl.edu.ar\/wp-content\/uploads\/2020\/11\/SAC.png","width":4484,"height":1231,"caption":"SEVT- Secretar\u00eda de Extensi\u00f3n, Vinculaci\u00f3n y Transferencia"},"image":{"@id":"https:\/\/sevt.fica.unsl.edu.ar\/#\/schema\/logo\/image\/"}},{"@type":"Person","@id":"https:\/\/sevt.fica.unsl.edu.ar\/#\/schema\/person\/39f8490576c1fadc0183ccacf3f7e14a","name":"DATI","url":"https:\/\/sevt.fica.unsl.edu.ar\/index.php\/author\/sistemasdati\/"}]}},"_links":{"self":[{"href":"https:\/\/sevt.fica.unsl.edu.ar\/index.php\/wp-json\/wp\/v2\/posts\/1839","targetHints":{"allow":["GET"]}}],"collection":[{"href":"https:\/\/sevt.fica.unsl.edu.ar\/index.php\/wp-json\/wp\/v2\/posts"}],"about":[{"href":"https:\/\/sevt.fica.unsl.edu.ar\/index.php\/wp-json\/wp\/v2\/types\/post"}],"author":[{"embeddable":true,"href":"https:\/\/sevt.fica.unsl.edu.ar\/index.php\/wp-json\/wp\/v2\/users\/5"}],"replies":[{"embeddable":true,"href":"https:\/\/sevt.fica.unsl.edu.ar\/index.php\/wp-json\/wp\/v2\/comments?post=1839"}],"version-history":[{"count":9,"href":"https:\/\/sevt.fica.unsl.edu.ar\/index.php\/wp-json\/wp\/v2\/posts\/1839\/revisions"}],"predecessor-version":[{"id":1854,"href":"https:\/\/sevt.fica.unsl.edu.ar\/index.php\/wp-json\/wp\/v2\/posts\/1839\/revisions\/1854"}],"wp:featuredmedia":[{"embeddable":true,"href":"https:\/\/sevt.fica.unsl.edu.ar\/index.php\/wp-json\/wp\/v2\/media\/1847"}],"wp:attachment":[{"href":"https:\/\/sevt.fica.unsl.edu.ar\/index.php\/wp-json\/wp\/v2\/media?parent=1839"}],"wp:term":[{"taxonomy":"category","embeddable":true,"href":"https:\/\/sevt.fica.unsl.edu.ar\/index.php\/wp-json\/wp\/v2\/categories?post=1839"},{"taxonomy":"post_tag","embeddable":true,"href":"https:\/\/sevt.fica.unsl.edu.ar\/index.php\/wp-json\/wp\/v2\/tags?post=1839"}],"curies":[{"name":"wp","href":"https:\/\/api.w.org\/{rel}","templated":true}]}}