{"id":1831,"date":"2023-03-16T07:10:45","date_gmt":"2023-03-16T10:10:45","guid":{"rendered":"http:\/\/10.101.10.196\/sevt\/?p=1831"},"modified":"2023-03-16T07:10:45","modified_gmt":"2023-03-16T10:10:45","slug":"alimentacion-basada-en-plantas","status":"publish","type":"post","link":"https:\/\/sevt.fica.unsl.edu.ar\/index.php\/alimentacion-basada-en-plantas\/","title":{"rendered":"ALIMENTACI\u00d3N BASADA EN PLANTAS"},"content":{"rendered":"<p>\u201cAlimentaci\u00f3n Basada en Plantas\u201d es un curso de capacitaci\u00f3n mensual, a cargo de la Lic. en Nutrici\u00f3n Mar\u00eda Alejandra Streitenberger, quien dio una primera edici\u00f3n el a\u00f1o pasado y regresa en mayo del corriente a\u00f1o, con modalidad virtual. Se desarrollar\u00e1 en 4 encuentros semanales, los d\u00edas lunes, de 18.30 a 20 hs, por plataforma Zoom.<\/p>\n<p>OBJETIVOS:<br \/>\n&#8211; Comprender el concepto de una alimentaci\u00f3n basada en plantas para lograr una alimentaci\u00f3n de calidad realizando una correcta selecci\u00f3n de alimentos.<br \/>\n&#8211; Identificar grupos de alimentos, nutrientes cr\u00edticos y alimentos fuente.<br \/>\n&#8211; Incorporar estrategias para aprovechar el contenido nutricional de los alimentos.<\/p>\n<p>DESTINATARIOS:\u00a0p\u00fablico general, estudiantes, profesionales, etc.<\/p>\n<p>ARANCEL:\u00a0$4500 pago \u00fanico<\/p>\n<p>INSCRIPCIONES:\u00a0desde ya, porque el cupo es limitado!!! En nuestra web\u00a0<a href=\"https:\/\/l.facebook.com\/l.php?u=http%3A%2F%2Fseu.unsl.edu.ar%2F&amp;h=AT2nKEI-EW8jzUb_MlJIlcE594IXHfhikT4OE3nuncTSXM7_Yy954Z5rAmpvtMB_GcLlRhz7_KNtxtispq3zBbc2jZp0nK0dqtWcuyjI7MSeeHcz6saM6hCS8a5xpGbCfemMsrpX6nqT5lwvj3GLZG-ls4LNR7EDd7g5GyyKditW2oNNFH-2bUzdjV83CAID6LZP7oNCf-aK14C4vJbmchfh-OJcCLyK1JK62wbn5nsZrUSHSPKQgBUv9bMbxCXLUXipVJpXQNIi_EFEudXfrDBrGp7Rjg0MVqLrK36XS9sPUpS0ewLnGWM-X3ADpEb2QnxMdXXQDy6KKEPuomTSy-Ba5nvWVrjDC-sH_d7VvvAgqxx2s3t3MwFPzr1YpTxxu_TbTnNQsoWNYWysU4EOrIGU_ztwxA0yCEjKBO0IfqIFUnj_EVZmkOcQxwh_gNYrbewyQvUvoYsK9xEfxWj_owYJkQ_6DK1BGwhSXVTtyzEymuhLUJdtp16YyTp1zmXLCz0EaL6dulvauVE3iEoWu9K2NOu9FTMTDDJgO8vb5S7O_wRptVJgGj63dC7Ma38YOFmBTvnvg2Z9uBmsGWR12EhkE5BsAMlSiiwP\" target=\"_blank\" rel=\"noopener nofollow\" data-ft=\"{&quot;tn&quot;:&quot;-U&quot;}\" data-lynx-mode=\"async\">http:\/\/seu.unsl.edu.ar<\/a> (click en FORMACI\u00d3N) se encuentra toda la informaci\u00f3n y formulario de inscripci\u00f3n.<\/p>\n<p>Te esperamos!!!<\/p>\n<p><a class=\"_58cn\" href=\"https:\/\/www.facebook.com\/hashtag\/extensi%C3%B3nuniversitaria?__eep__=6&amp;source=feed_text&amp;epa=HASHTAG&amp;__xts__%5B0%5D=68.ARDHyrKFjSnMyg2u1YfvjNLEPylTHBFFeVbXmsytUkbhj79jSFcfWyqICwlZvRSC2XBMFTuhJE70l6Z_QRCfrkJ8D9-CpB4Dp3FhyS_1u50chHdBfTOTY4okTu0a1k7dDhWJq-DRlsQeXKGaqMX8mDokgWwIpbfGlJ_gM17gAHQCvy5EOKMWPF8iD3s41HBghSGo7eC9de8uyFHqmEhZzGxGm9h76JAX2nq578UCrJnaLe5xS9mPPEQ4NaxEkoVJ__sSgyMkQ_XDzhRnJEgTNTUZsxISUGQnszzZtahDcB_eP3mgnQAOlQ&amp;__tn__=%2ANK-R\" data-ft=\"{&quot;type&quot;:104,&quot;tn&quot;:&quot;*N&quot;}\"><span class=\"_5afx\"><span class=\"_58cl _5afz\" aria-label=\"hashtag\">#<\/span><span class=\"_58cm\">extensi\u00f3nuniversitaria<\/span><\/span><\/a>\u00a0<a class=\"_58cn\" href=\"https:\/\/www.facebook.com\/hashtag\/unsl?__eep__=6&amp;source=feed_text&amp;epa=HASHTAG&amp;__xts__%5B0%5D=68.ARDHyrKFjSnMyg2u1YfvjNLEPylTHBFFeVbXmsytUkbhj79jSFcfWyqICwlZvRSC2XBMFTuhJE70l6Z_QRCfrkJ8D9-CpB4Dp3FhyS_1u50chHdBfTOTY4okTu0a1k7dDhWJq-DRlsQeXKGaqMX8mDokgWwIpbfGlJ_gM17gAHQCvy5EOKMWPF8iD3s41HBghSGo7eC9de8uyFHqmEhZzGxGm9h76JAX2nq578UCrJnaLe5xS9mPPEQ4NaxEkoVJ__sSgyMkQ_XDzhRnJEgTNTUZsxISUGQnszzZtahDcB_eP3mgnQAOlQ&amp;__tn__=%2ANK-R\" data-ft=\"{&quot;type&quot;:104,&quot;tn&quot;:&quot;*N&quot;}\"><span class=\"_5afx\"><span class=\"_58cl _5afz\" aria-label=\"hashtag\">#<\/span><span class=\"_58cm\">unsl<\/span><\/span><\/a><br \/>\n<a class=\"_58cn\" href=\"https:\/\/www.facebook.com\/hashtag\/estrategiasformativas?__eep__=6&amp;source=feed_text&amp;epa=HASHTAG&amp;__xts__%5B0%5D=68.ARDHyrKFjSnMyg2u1YfvjNLEPylTHBFFeVbXmsytUkbhj79jSFcfWyqICwlZvRSC2XBMFTuhJE70l6Z_QRCfrkJ8D9-CpB4Dp3FhyS_1u50chHdBfTOTY4okTu0a1k7dDhWJq-DRlsQeXKGaqMX8mDokgWwIpbfGlJ_gM17gAHQCvy5EOKMWPF8iD3s41HBghSGo7eC9de8uyFHqmEhZzGxGm9h76JAX2nq578UCrJnaLe5xS9mPPEQ4NaxEkoVJ__sSgyMkQ_XDzhRnJEgTNTUZsxISUGQnszzZtahDcB_eP3mgnQAOlQ&amp;__tn__=%2ANK-R\" data-ft=\"{&quot;type&quot;:104,&quot;tn&quot;:&quot;*N&quot;}\"><span class=\"_5afx\"><span class=\"_58cl _5afz\" aria-label=\"hashtag\">#<\/span><span class=\"_58cm\">estrategiasformativas<\/span><\/span><\/a>\u00a0<a class=\"_58cn\" href=\"https:\/\/www.facebook.com\/hashtag\/sanluis?__eep__=6&amp;source=feed_text&amp;epa=HASHTAG&amp;__xts__%5B0%5D=68.ARDHyrKFjSnMyg2u1YfvjNLEPylTHBFFeVbXmsytUkbhj79jSFcfWyqICwlZvRSC2XBMFTuhJE70l6Z_QRCfrkJ8D9-CpB4Dp3FhyS_1u50chHdBfTOTY4okTu0a1k7dDhWJq-DRlsQeXKGaqMX8mDokgWwIpbfGlJ_gM17gAHQCvy5EOKMWPF8iD3s41HBghSGo7eC9de8uyFHqmEhZzGxGm9h76JAX2nq578UCrJnaLe5xS9mPPEQ4NaxEkoVJ__sSgyMkQ_XDzhRnJEgTNTUZsxISUGQnszzZtahDcB_eP3mgnQAOlQ&amp;__tn__=%2ANK-R\" data-ft=\"{&quot;type&quot;:104,&quot;tn&quot;:&quot;*N&quot;}\"><span class=\"_5afx\"><span class=\"_58cl _5afz\" aria-label=\"hashtag\">#<\/span><span class=\"_58cm\">sanluis<\/span><\/span><\/a><br \/>\n<a class=\"_58cn\" href=\"https:\/\/www.facebook.com\/hashtag\/alimentaci%C3%B3n?__eep__=6&amp;source=feed_text&amp;epa=HASHTAG&amp;__xts__%5B0%5D=68.ARDHyrKFjSnMyg2u1YfvjNLEPylTHBFFeVbXmsytUkbhj79jSFcfWyqICwlZvRSC2XBMFTuhJE70l6Z_QRCfrkJ8D9-CpB4Dp3FhyS_1u50chHdBfTOTY4okTu0a1k7dDhWJq-DRlsQeXKGaqMX8mDokgWwIpbfGlJ_gM17gAHQCvy5EOKMWPF8iD3s41HBghSGo7eC9de8uyFHqmEhZzGxGm9h76JAX2nq578UCrJnaLe5xS9mPPEQ4NaxEkoVJ__sSgyMkQ_XDzhRnJEgTNTUZsxISUGQnszzZtahDcB_eP3mgnQAOlQ&amp;__tn__=%2ANK-R\" data-ft=\"{&quot;type&quot;:104,&quot;tn&quot;:&quot;*N&quot;}\"><span class=\"_5afx\"><span class=\"_58cl _5afz\" aria-label=\"hashtag\">#<\/span><span class=\"_58cm\">alimentaci\u00f3n<\/span><\/span><\/a>\u00a0<a class=\"_58cn\" href=\"https:\/\/www.facebook.com\/hashtag\/nutrici%C3%B3n?__eep__=6&amp;source=feed_text&amp;epa=HASHTAG&amp;__xts__%5B0%5D=68.ARDHyrKFjSnMyg2u1YfvjNLEPylTHBFFeVbXmsytUkbhj79jSFcfWyqICwlZvRSC2XBMFTuhJE70l6Z_QRCfrkJ8D9-CpB4Dp3FhyS_1u50chHdBfTOTY4okTu0a1k7dDhWJq-DRlsQeXKGaqMX8mDokgWwIpbfGlJ_gM17gAHQCvy5EOKMWPF8iD3s41HBghSGo7eC9de8uyFHqmEhZzGxGm9h76JAX2nq578UCrJnaLe5xS9mPPEQ4NaxEkoVJ__sSgyMkQ_XDzhRnJEgTNTUZsxISUGQnszzZtahDcB_eP3mgnQAOlQ&amp;__tn__=%2ANK-R\" data-ft=\"{&quot;type&quot;:104,&quot;tn&quot;:&quot;*N&quot;}\"><span class=\"_5afx\"><span class=\"_58cl _5afz\" aria-label=\"hashtag\">#<\/span><span class=\"_58cm\">nutrici\u00f3n<\/span><\/span><\/a>\u00a0<a class=\"_58cn\" href=\"https:\/\/www.facebook.com\/hashtag\/plantas?__eep__=6&amp;source=feed_text&amp;epa=HASHTAG&amp;__xts__%5B0%5D=68.ARDHyrKFjSnMyg2u1YfvjNLEPylTHBFFeVbXmsytUkbhj79jSFcfWyqICwlZvRSC2XBMFTuhJE70l6Z_QRCfrkJ8D9-CpB4Dp3FhyS_1u50chHdBfTOTY4okTu0a1k7dDhWJq-DRlsQeXKGaqMX8mDokgWwIpbfGlJ_gM17gAHQCvy5EOKMWPF8iD3s41HBghSGo7eC9de8uyFHqmEhZzGxGm9h76JAX2nq578UCrJnaLe5xS9mPPEQ4NaxEkoVJ__sSgyMkQ_XDzhRnJEgTNTUZsxISUGQnszzZtahDcB_eP3mgnQAOlQ&amp;__tn__=%2ANK-R\" data-ft=\"{&quot;type&quot;:104,&quot;tn&quot;:&quot;*N&quot;}\"><span class=\"_5afx\"><span class=\"_58cl _5afz\" aria-label=\"hashtag\">#<\/span><span class=\"_58cm\">plantas<\/span><\/span><\/a>\u00a0<a class=\"_58cn\" href=\"https:\/\/www.facebook.com\/hashtag\/cursodecapacitaci%C3%B3n?__eep__=6&amp;source=feed_text&amp;epa=HASHTAG&amp;__xts__%5B0%5D=68.ARDHyrKFjSnMyg2u1YfvjNLEPylTHBFFeVbXmsytUkbhj79jSFcfWyqICwlZvRSC2XBMFTuhJE70l6Z_QRCfrkJ8D9-CpB4Dp3FhyS_1u50chHdBfTOTY4okTu0a1k7dDhWJq-DRlsQeXKGaqMX8mDokgWwIpbfGlJ_gM17gAHQCvy5EOKMWPF8iD3s41HBghSGo7eC9de8uyFHqmEhZzGxGm9h76JAX2nq578UCrJnaLe5xS9mPPEQ4NaxEkoVJ__sSgyMkQ_XDzhRnJEgTNTUZsxISUGQnszzZtahDcB_eP3mgnQAOlQ&amp;__tn__=%2ANK-R\" data-ft=\"{&quot;type&quot;:104,&quot;tn&quot;:&quot;*N&quot;}\"><span class=\"_5afx\"><span class=\"_58cl _5afz\" aria-label=\"hashtag\">#<\/span><span class=\"_58cm\">cursodecapacitaci\u00f3n<\/span><\/span><\/a>\u00a0<a class=\"_58cn\" href=\"https:\/\/www.facebook.com\/hashtag\/cocina?__eep__=6&amp;source=feed_text&amp;epa=HASHTAG&amp;__xts__%5B0%5D=68.ARDHyrKFjSnMyg2u1YfvjNLEPylTHBFFeVbXmsytUkbhj79jSFcfWyqICwlZvRSC2XBMFTuhJE70l6Z_QRCfrkJ8D9-CpB4Dp3FhyS_1u50chHdBfTOTY4okTu0a1k7dDhWJq-DRlsQeXKGaqMX8mDokgWwIpbfGlJ_gM17gAHQCvy5EOKMWPF8iD3s41HBghSGo7eC9de8uyFHqmEhZzGxGm9h76JAX2nq578UCrJnaLe5xS9mPPEQ4NaxEkoVJ__sSgyMkQ_XDzhRnJEgTNTUZsxISUGQnszzZtahDcB_eP3mgnQAOlQ&amp;__tn__=%2ANK-R\" data-ft=\"{&quot;type&quot;:104,&quot;tn&quot;:&quot;*N&quot;}\"><span class=\"_5afx\"><span class=\"_58cl _5afz\" aria-label=\"hashtag\">#<\/span><span class=\"_58cm\">cocina<\/span><\/span><\/a><\/p>\n","protected":false},"excerpt":{"rendered":"<p>\u201cAlimentaci\u00f3n Basada en Plantas\u201d es un curso de capacitaci\u00f3n mensual, a cargo de la Lic. en Nutrici\u00f3n Mar\u00eda Alejandra Streitenberger, quien dio una primera edici\u00f3n&hellip;<\/p>\n","protected":false},"author":5,"featured_media":1832,"comment_status":"closed","ping_status":"closed","sticky":false,"template":"","format":"standard","meta":{"_monsterinsights_skip_tracking":false,"_monsterinsights_sitenote_active":false,"_monsterinsights_sitenote_note":"","_monsterinsights_sitenote_category":0,"footnotes":""},"categories":[1],"tags":[],"class_list":["post-1831","post","type-post","status-publish","format-standard","has-post-thumbnail","hentry","category-noticias"],"yoast_head":"<!-- This site is optimized with the Yoast SEO plugin v27.0 - https:\/\/yoast.com\/product\/yoast-seo-wordpress\/ -->\n<title>ALIMENTACI\u00d3N BASADA EN PLANTAS - Secretar\u00eda de Extensi\u00f3n, Vinculaci\u00f3n y Transferencia<\/title>\n<meta name=\"robots\" content=\"index, follow, max-snippet:-1, max-image-preview:large, max-video-preview:-1\" \/>\n<link rel=\"canonical\" href=\"https:\/\/sevt.fica.unsl.edu.ar\/index.php\/alimentacion-basada-en-plantas\/\" \/>\n<meta property=\"og:locale\" content=\"es_ES\" \/>\n<meta property=\"og:type\" content=\"article\" \/>\n<meta property=\"og:title\" content=\"ALIMENTACI\u00d3N BASADA EN PLANTAS - Secretar\u00eda de Extensi\u00f3n, Vinculaci\u00f3n y Transferencia\" \/>\n<meta property=\"og:description\" content=\"\u201cAlimentaci\u00f3n Basada en Plantas\u201d es un curso de capacitaci\u00f3n mensual, a cargo de la Lic. en Nutrici\u00f3n Mar\u00eda Alejandra Streitenberger, quien dio una primera edici\u00f3n&hellip;\" \/>\n<meta property=\"og:url\" content=\"https:\/\/sevt.fica.unsl.edu.ar\/index.php\/alimentacion-basada-en-plantas\/\" \/>\n<meta property=\"og:site_name\" content=\"Secretar\u00eda de Extensi\u00f3n, Vinculaci\u00f3n y Transferencia\" \/>\n<meta property=\"article:published_time\" content=\"2023-03-16T10:10:45+00:00\" \/>\n<meta property=\"og:image\" content=\"https:\/\/sevt.fica.unsl.edu.ar\/wp-content\/uploads\/2023\/03\/335431682_1589500801518270_9077091211271781967_n.jpg\" \/>\n\t<meta property=\"og:image:width\" content=\"1080\" \/>\n\t<meta property=\"og:image:height\" content=\"1080\" \/>\n\t<meta property=\"og:image:type\" content=\"image\/jpeg\" \/>\n<meta name=\"author\" content=\"DATI\" \/>\n<meta name=\"twitter:card\" content=\"summary_large_image\" \/>\n<meta name=\"twitter:label1\" content=\"Escrito por\" \/>\n\t<meta name=\"twitter:data1\" content=\"DATI\" \/>\n\t<meta name=\"twitter:label2\" content=\"Tiempo de lectura\" \/>\n\t<meta name=\"twitter:data2\" content=\"1 minuto\" \/>\n<script type=\"application\/ld+json\" class=\"yoast-schema-graph\">{\"@context\":\"https:\/\/schema.org\",\"@graph\":[{\"@type\":\"Article\",\"@id\":\"https:\/\/sevt.fica.unsl.edu.ar\/index.php\/alimentacion-basada-en-plantas\/#article\",\"isPartOf\":{\"@id\":\"https:\/\/sevt.fica.unsl.edu.ar\/index.php\/alimentacion-basada-en-plantas\/\"},\"author\":{\"name\":\"DATI\",\"@id\":\"https:\/\/sevt.fica.unsl.edu.ar\/#\/schema\/person\/39f8490576c1fadc0183ccacf3f7e14a\"},\"headline\":\"ALIMENTACI\u00d3N BASADA EN PLANTAS\",\"datePublished\":\"2023-03-16T10:10:45+00:00\",\"mainEntityOfPage\":{\"@id\":\"https:\/\/sevt.fica.unsl.edu.ar\/index.php\/alimentacion-basada-en-plantas\/\"},\"wordCount\":169,\"publisher\":{\"@id\":\"https:\/\/sevt.fica.unsl.edu.ar\/#organization\"},\"image\":{\"@id\":\"https:\/\/sevt.fica.unsl.edu.ar\/index.php\/alimentacion-basada-en-plantas\/#primaryimage\"},\"thumbnailUrl\":\"https:\/\/sevt.fica.unsl.edu.ar\/wp-content\/uploads\/2023\/03\/335431682_1589500801518270_9077091211271781967_n.jpg\",\"articleSection\":[\"Noticias\"],\"inLanguage\":\"es-AR\"},{\"@type\":\"WebPage\",\"@id\":\"https:\/\/sevt.fica.unsl.edu.ar\/index.php\/alimentacion-basada-en-plantas\/\",\"url\":\"https:\/\/sevt.fica.unsl.edu.ar\/index.php\/alimentacion-basada-en-plantas\/\",\"name\":\"ALIMENTACI\u00d3N BASADA EN PLANTAS - Secretar\u00eda de Extensi\u00f3n, Vinculaci\u00f3n y Transferencia\",\"isPartOf\":{\"@id\":\"https:\/\/sevt.fica.unsl.edu.ar\/#website\"},\"primaryImageOfPage\":{\"@id\":\"https:\/\/sevt.fica.unsl.edu.ar\/index.php\/alimentacion-basada-en-plantas\/#primaryimage\"},\"image\":{\"@id\":\"https:\/\/sevt.fica.unsl.edu.ar\/index.php\/alimentacion-basada-en-plantas\/#primaryimage\"},\"thumbnailUrl\":\"https:\/\/sevt.fica.unsl.edu.ar\/wp-content\/uploads\/2023\/03\/335431682_1589500801518270_9077091211271781967_n.jpg\",\"datePublished\":\"2023-03-16T10:10:45+00:00\",\"breadcrumb\":{\"@id\":\"https:\/\/sevt.fica.unsl.edu.ar\/index.php\/alimentacion-basada-en-plantas\/#breadcrumb\"},\"inLanguage\":\"es-AR\",\"potentialAction\":[{\"@type\":\"ReadAction\",\"target\":[\"https:\/\/sevt.fica.unsl.edu.ar\/index.php\/alimentacion-basada-en-plantas\/\"]}]},{\"@type\":\"ImageObject\",\"inLanguage\":\"es-AR\",\"@id\":\"https:\/\/sevt.fica.unsl.edu.ar\/index.php\/alimentacion-basada-en-plantas\/#primaryimage\",\"url\":\"https:\/\/sevt.fica.unsl.edu.ar\/wp-content\/uploads\/2023\/03\/335431682_1589500801518270_9077091211271781967_n.jpg\",\"contentUrl\":\"https:\/\/sevt.fica.unsl.edu.ar\/wp-content\/uploads\/2023\/03\/335431682_1589500801518270_9077091211271781967_n.jpg\",\"width\":1080,\"height\":1080},{\"@type\":\"BreadcrumbList\",\"@id\":\"https:\/\/sevt.fica.unsl.edu.ar\/index.php\/alimentacion-basada-en-plantas\/#breadcrumb\",\"itemListElement\":[{\"@type\":\"ListItem\",\"position\":1,\"name\":\"Inicio\",\"item\":\"https:\/\/sevt.fica.unsl.edu.ar\/\"},{\"@type\":\"ListItem\",\"position\":2,\"name\":\"ALIMENTACI\u00d3N BASADA EN PLANTAS\"}]},{\"@type\":\"WebSite\",\"@id\":\"https:\/\/sevt.fica.unsl.edu.ar\/#website\",\"url\":\"https:\/\/sevt.fica.unsl.edu.ar\/\",\"name\":\"Secretar\u00eda de Extensi\u00f3n, Vinculaci\u00f3n y Transferencia\",\"description\":\"SEVT\",\"publisher\":{\"@id\":\"https:\/\/sevt.fica.unsl.edu.ar\/#organization\"},\"potentialAction\":[{\"@type\":\"SearchAction\",\"target\":{\"@type\":\"EntryPoint\",\"urlTemplate\":\"https:\/\/sevt.fica.unsl.edu.ar\/?s={search_term_string}\"},\"query-input\":{\"@type\":\"PropertyValueSpecification\",\"valueRequired\":true,\"valueName\":\"search_term_string\"}}],\"inLanguage\":\"es-AR\"},{\"@type\":\"Organization\",\"@id\":\"https:\/\/sevt.fica.unsl.edu.ar\/#organization\",\"name\":\"SEVT- Secretar\u00eda de Extensi\u00f3n, Vinculaci\u00f3n y Transferencia\",\"url\":\"https:\/\/sevt.fica.unsl.edu.ar\/\",\"logo\":{\"@type\":\"ImageObject\",\"inLanguage\":\"es-AR\",\"@id\":\"https:\/\/sevt.fica.unsl.edu.ar\/#\/schema\/logo\/image\/\",\"url\":\"https:\/\/sevt.fica.unsl.edu.ar\/wp-content\/uploads\/2020\/11\/SAC.png\",\"contentUrl\":\"https:\/\/sevt.fica.unsl.edu.ar\/wp-content\/uploads\/2020\/11\/SAC.png\",\"width\":4484,\"height\":1231,\"caption\":\"SEVT- Secretar\u00eda de Extensi\u00f3n, Vinculaci\u00f3n y Transferencia\"},\"image\":{\"@id\":\"https:\/\/sevt.fica.unsl.edu.ar\/#\/schema\/logo\/image\/\"}},{\"@type\":\"Person\",\"@id\":\"https:\/\/sevt.fica.unsl.edu.ar\/#\/schema\/person\/39f8490576c1fadc0183ccacf3f7e14a\",\"name\":\"DATI\",\"url\":\"https:\/\/sevt.fica.unsl.edu.ar\/index.php\/author\/sistemasdati\/\"}]}<\/script>\n<!-- \/ Yoast SEO plugin. -->","yoast_head_json":{"title":"ALIMENTACI\u00d3N BASADA EN PLANTAS - Secretar\u00eda de Extensi\u00f3n, Vinculaci\u00f3n y Transferencia","robots":{"index":"index","follow":"follow","max-snippet":"max-snippet:-1","max-image-preview":"max-image-preview:large","max-video-preview":"max-video-preview:-1"},"canonical":"https:\/\/sevt.fica.unsl.edu.ar\/index.php\/alimentacion-basada-en-plantas\/","og_locale":"es_ES","og_type":"article","og_title":"ALIMENTACI\u00d3N BASADA EN PLANTAS - Secretar\u00eda de Extensi\u00f3n, Vinculaci\u00f3n y Transferencia","og_description":"\u201cAlimentaci\u00f3n Basada en Plantas\u201d es un curso de capacitaci\u00f3n mensual, a cargo de la Lic. en Nutrici\u00f3n Mar\u00eda Alejandra Streitenberger, quien dio una primera edici\u00f3n&hellip;","og_url":"https:\/\/sevt.fica.unsl.edu.ar\/index.php\/alimentacion-basada-en-plantas\/","og_site_name":"Secretar\u00eda de Extensi\u00f3n, Vinculaci\u00f3n y Transferencia","article_published_time":"2023-03-16T10:10:45+00:00","og_image":[{"width":1080,"height":1080,"url":"https:\/\/sevt.fica.unsl.edu.ar\/wp-content\/uploads\/2023\/03\/335431682_1589500801518270_9077091211271781967_n.jpg","type":"image\/jpeg"}],"author":"DATI","twitter_card":"summary_large_image","twitter_misc":{"Escrito por":"DATI","Tiempo de lectura":"1 minuto"},"schema":{"@context":"https:\/\/schema.org","@graph":[{"@type":"Article","@id":"https:\/\/sevt.fica.unsl.edu.ar\/index.php\/alimentacion-basada-en-plantas\/#article","isPartOf":{"@id":"https:\/\/sevt.fica.unsl.edu.ar\/index.php\/alimentacion-basada-en-plantas\/"},"author":{"name":"DATI","@id":"https:\/\/sevt.fica.unsl.edu.ar\/#\/schema\/person\/39f8490576c1fadc0183ccacf3f7e14a"},"headline":"ALIMENTACI\u00d3N BASADA EN PLANTAS","datePublished":"2023-03-16T10:10:45+00:00","mainEntityOfPage":{"@id":"https:\/\/sevt.fica.unsl.edu.ar\/index.php\/alimentacion-basada-en-plantas\/"},"wordCount":169,"publisher":{"@id":"https:\/\/sevt.fica.unsl.edu.ar\/#organization"},"image":{"@id":"https:\/\/sevt.fica.unsl.edu.ar\/index.php\/alimentacion-basada-en-plantas\/#primaryimage"},"thumbnailUrl":"https:\/\/sevt.fica.unsl.edu.ar\/wp-content\/uploads\/2023\/03\/335431682_1589500801518270_9077091211271781967_n.jpg","articleSection":["Noticias"],"inLanguage":"es-AR"},{"@type":"WebPage","@id":"https:\/\/sevt.fica.unsl.edu.ar\/index.php\/alimentacion-basada-en-plantas\/","url":"https:\/\/sevt.fica.unsl.edu.ar\/index.php\/alimentacion-basada-en-plantas\/","name":"ALIMENTACI\u00d3N BASADA EN PLANTAS - Secretar\u00eda de Extensi\u00f3n, Vinculaci\u00f3n y Transferencia","isPartOf":{"@id":"https:\/\/sevt.fica.unsl.edu.ar\/#website"},"primaryImageOfPage":{"@id":"https:\/\/sevt.fica.unsl.edu.ar\/index.php\/alimentacion-basada-en-plantas\/#primaryimage"},"image":{"@id":"https:\/\/sevt.fica.unsl.edu.ar\/index.php\/alimentacion-basada-en-plantas\/#primaryimage"},"thumbnailUrl":"https:\/\/sevt.fica.unsl.edu.ar\/wp-content\/uploads\/2023\/03\/335431682_1589500801518270_9077091211271781967_n.jpg","datePublished":"2023-03-16T10:10:45+00:00","breadcrumb":{"@id":"https:\/\/sevt.fica.unsl.edu.ar\/index.php\/alimentacion-basada-en-plantas\/#breadcrumb"},"inLanguage":"es-AR","potentialAction":[{"@type":"ReadAction","target":["https:\/\/sevt.fica.unsl.edu.ar\/index.php\/alimentacion-basada-en-plantas\/"]}]},{"@type":"ImageObject","inLanguage":"es-AR","@id":"https:\/\/sevt.fica.unsl.edu.ar\/index.php\/alimentacion-basada-en-plantas\/#primaryimage","url":"https:\/\/sevt.fica.unsl.edu.ar\/wp-content\/uploads\/2023\/03\/335431682_1589500801518270_9077091211271781967_n.jpg","contentUrl":"https:\/\/sevt.fica.unsl.edu.ar\/wp-content\/uploads\/2023\/03\/335431682_1589500801518270_9077091211271781967_n.jpg","width":1080,"height":1080},{"@type":"BreadcrumbList","@id":"https:\/\/sevt.fica.unsl.edu.ar\/index.php\/alimentacion-basada-en-plantas\/#breadcrumb","itemListElement":[{"@type":"ListItem","position":1,"name":"Inicio","item":"https:\/\/sevt.fica.unsl.edu.ar\/"},{"@type":"ListItem","position":2,"name":"ALIMENTACI\u00d3N BASADA EN PLANTAS"}]},{"@type":"WebSite","@id":"https:\/\/sevt.fica.unsl.edu.ar\/#website","url":"https:\/\/sevt.fica.unsl.edu.ar\/","name":"Secretar\u00eda de Extensi\u00f3n, Vinculaci\u00f3n y Transferencia","description":"SEVT","publisher":{"@id":"https:\/\/sevt.fica.unsl.edu.ar\/#organization"},"potentialAction":[{"@type":"SearchAction","target":{"@type":"EntryPoint","urlTemplate":"https:\/\/sevt.fica.unsl.edu.ar\/?s={search_term_string}"},"query-input":{"@type":"PropertyValueSpecification","valueRequired":true,"valueName":"search_term_string"}}],"inLanguage":"es-AR"},{"@type":"Organization","@id":"https:\/\/sevt.fica.unsl.edu.ar\/#organization","name":"SEVT- Secretar\u00eda de Extensi\u00f3n, Vinculaci\u00f3n y Transferencia","url":"https:\/\/sevt.fica.unsl.edu.ar\/","logo":{"@type":"ImageObject","inLanguage":"es-AR","@id":"https:\/\/sevt.fica.unsl.edu.ar\/#\/schema\/logo\/image\/","url":"https:\/\/sevt.fica.unsl.edu.ar\/wp-content\/uploads\/2020\/11\/SAC.png","contentUrl":"https:\/\/sevt.fica.unsl.edu.ar\/wp-content\/uploads\/2020\/11\/SAC.png","width":4484,"height":1231,"caption":"SEVT- Secretar\u00eda de Extensi\u00f3n, Vinculaci\u00f3n y Transferencia"},"image":{"@id":"https:\/\/sevt.fica.unsl.edu.ar\/#\/schema\/logo\/image\/"}},{"@type":"Person","@id":"https:\/\/sevt.fica.unsl.edu.ar\/#\/schema\/person\/39f8490576c1fadc0183ccacf3f7e14a","name":"DATI","url":"https:\/\/sevt.fica.unsl.edu.ar\/index.php\/author\/sistemasdati\/"}]}},"_links":{"self":[{"href":"https:\/\/sevt.fica.unsl.edu.ar\/index.php\/wp-json\/wp\/v2\/posts\/1831","targetHints":{"allow":["GET"]}}],"collection":[{"href":"https:\/\/sevt.fica.unsl.edu.ar\/index.php\/wp-json\/wp\/v2\/posts"}],"about":[{"href":"https:\/\/sevt.fica.unsl.edu.ar\/index.php\/wp-json\/wp\/v2\/types\/post"}],"author":[{"embeddable":true,"href":"https:\/\/sevt.fica.unsl.edu.ar\/index.php\/wp-json\/wp\/v2\/users\/5"}],"replies":[{"embeddable":true,"href":"https:\/\/sevt.fica.unsl.edu.ar\/index.php\/wp-json\/wp\/v2\/comments?post=1831"}],"version-history":[{"count":1,"href":"https:\/\/sevt.fica.unsl.edu.ar\/index.php\/wp-json\/wp\/v2\/posts\/1831\/revisions"}],"predecessor-version":[{"id":1833,"href":"https:\/\/sevt.fica.unsl.edu.ar\/index.php\/wp-json\/wp\/v2\/posts\/1831\/revisions\/1833"}],"wp:featuredmedia":[{"embeddable":true,"href":"https:\/\/sevt.fica.unsl.edu.ar\/index.php\/wp-json\/wp\/v2\/media\/1832"}],"wp:attachment":[{"href":"https:\/\/sevt.fica.unsl.edu.ar\/index.php\/wp-json\/wp\/v2\/media?parent=1831"}],"wp:term":[{"taxonomy":"category","embeddable":true,"href":"https:\/\/sevt.fica.unsl.edu.ar\/index.php\/wp-json\/wp\/v2\/categories?post=1831"},{"taxonomy":"post_tag","embeddable":true,"href":"https:\/\/sevt.fica.unsl.edu.ar\/index.php\/wp-json\/wp\/v2\/tags?post=1831"}],"curies":[{"name":"wp","href":"https:\/\/api.w.org\/{rel}","templated":true}]}}