{"id":1829,"date":"2023-03-14T12:15:15","date_gmt":"2023-03-14T15:15:15","guid":{"rendered":"http:\/\/10.101.10.196\/sevt\/?p=1829"},"modified":"2023-03-14T12:15:15","modified_gmt":"2023-03-14T15:15:15","slug":"proyectos-de-extension-y-docencia-prorroga-de-la-convocatoria","status":"publish","type":"post","link":"https:\/\/sevt.fica.unsl.edu.ar\/index.php\/proyectos-de-extension-y-docencia-prorroga-de-la-convocatoria\/","title":{"rendered":"Proyectos de Extensi\u00f3n y Docencia: pr\u00f3rroga de la convocatoria"},"content":{"rendered":"<p style=\"font-weight: 400;\"><b><strong>La Secretar\u00eda de Extensi\u00f3n Universitaria (SEU) informa que la convocatoria de Proyectos de Extensi\u00f3n y Docencia (PED) se extiende hasta el lunes 20 de marzo.<\/strong><\/b><\/p>\n<p style=\"font-weight: 400;\">Los PED son propuestos por docentes de la Universidad Nacional de San Luis (UNSL) y constituyen un espacio para el dise\u00f1o de estrategias orientadas a relacionar el aprendizaje con la vida real. Tienen por objeto integrar las acciones de extensi\u00f3n al proceso de ense\u00f1anza y aprendizaje de contenidos espec\u00edficos de los programas curriculares en contexto real, e iniciar la formaci\u00f3n de los alumnos a partir de la identificaci\u00f3n de una situaci\u00f3n-problema, desde la cual se buscan alternativas para implementar acciones que trasciendan la instancia de an\u00e1lisis y diagn\u00f3stico.<\/p>\n<p style=\"font-weight: 400;\"><b><strong>Procedimiento para la presentaci\u00f3n:<\/strong><\/b><\/p>\n<p style=\"font-weight: 400;\"><b><strong>\u00bfQui\u00e9n lo presenta?<\/strong><\/b><\/p>\n<p style=\"font-weight: 400;\">El docente que se proponga como responsable del PED es quien realizar\u00e1 la presentaci\u00f3n formal por Mesa de Entradas de la Unidad Acad\u00e9mica correspondiente.<\/p>\n<p style=\"font-weight: 400;\"><b><strong>\u00bfQu\u00e9 documentaci\u00f3n?<\/strong><\/b><\/p>\n<ol>\n<li style=\"font-weight: 400;\">Nota de presentaci\u00f3n<br \/>\n2. CV resumido\/s del Director y Codirector (si lo tuviera)<br \/>\n3. Formulario (impreso y por correo electr\u00f3nico)<br \/>\n4. Aval\/es de organizaci\u00f3n\/es y Actores sociales que participen<br \/>\n5. Programas vigentes de las asignaturas involucradas en el proyecto<\/li>\n<\/ol>\n<p style=\"font-weight: 400;\">Con el aval de la Unidad Acad\u00e9mica, la propuesta se remite a la CAEX para su evaluaci\u00f3n, teniendo en cuenta lo normado en los Art\u00edculos 22 y 23 de la OCS 29\/17<\/p>\n<p style=\"font-weight: 400;\"><b><strong>\u00bfQu\u00e9 contenidos?<\/strong><\/b><\/p>\n<ol>\n<li style=\"font-weight: 400;\">Abordar contenidos propios de la curr\u00edcula del\/los curso\/s involucrado\/s en el PED.<br \/>\n2. Plantear la participaci\u00f3n de la totalidad de la matr\u00edcula estudiantil del\/los curso\/s involucrado\/s en el PED.<br \/>\n3. Adjuntar el\/los programa\/s anal\u00edtico\/s del\/los curso\/s.<\/li>\n<\/ol>\n<p style=\"font-weight: 400;\"><b><strong>\u00bfC\u00f3mo se protocoliza?<\/strong><\/b><\/p>\n<p style=\"font-weight: 400;\">Si en el marco del PED se prev\u00e9n instancias de capacitaci\u00f3n, no se protocolizar\u00e1n separadamente. La n\u00f3mina de integrantes se protocolizar\u00e1 con la presentaci\u00f3n del informe final del proyecto.<\/p>\n<p style=\"font-weight: 400;\"><b><strong>\u00bfCu\u00e1l es el cronograma?<\/strong><\/b><\/p>\n<p style=\"font-weight: 400;\">Presentaci\u00f3n de propuestas en las Unidades Acad\u00e9micas:\u00a0<b><strong>hasta el 20 de marzo de 2023<br \/>\n<\/strong><\/b>Inicio de los PED:\u00a0<b><strong>abril de 2023<\/strong><\/b><\/p>\n<p style=\"font-weight: 400;\"><b><strong>\u00bfC\u00f3mo se financian?<\/strong><\/b><\/p>\n<p style=\"font-weight: 400;\">Para esta convocatoria, los PED de duraci\u00f3n anual podr\u00e1n solicitar un m\u00e1ximo de $12.000, y los de duraci\u00f3n semestral, un m\u00e1ximo de $6.000. Se acompa\u00f1ar\u00e1 a la presentaci\u00f3n una descripci\u00f3n aproximada de los gastos estimativos.<\/p>\n<p style=\"font-weight: 400;\"><b><strong><a href=\"https:\/\/drive.google.com\/file\/d\/1ddAWAiG6-zVPMtQiDcTMfbx3lz14TIZb\/view?usp=sharing\">FORMULARIO EN ANEXO RR 49\/23<\/a><\/strong><\/b><\/p>\n","protected":false},"excerpt":{"rendered":"<p>La Secretar\u00eda de Extensi\u00f3n Universitaria (SEU) informa que la convocatoria de Proyectos de Extensi\u00f3n y Docencia (PED) se extiende hasta el lunes 20 de marzo.&hellip;<\/p>\n","protected":false},"author":5,"featured_media":1714,"comment_status":"closed","ping_status":"closed","sticky":false,"template":"","format":"standard","meta":{"_monsterinsights_skip_tracking":false,"_monsterinsights_sitenote_active":false,"_monsterinsights_sitenote_note":"","_monsterinsights_sitenote_category":0,"footnotes":""},"categories":[1],"tags":[],"class_list":["post-1829","post","type-post","status-publish","format-standard","has-post-thumbnail","hentry","category-noticias"],"yoast_head":"<!-- This site is optimized with the Yoast SEO plugin v27.0 - https:\/\/yoast.com\/product\/yoast-seo-wordpress\/ -->\n<title>Proyectos de Extensi\u00f3n y Docencia: pr\u00f3rroga de la convocatoria - Secretar\u00eda de Extensi\u00f3n, Vinculaci\u00f3n y Transferencia<\/title>\n<meta name=\"robots\" content=\"index, follow, max-snippet:-1, max-image-preview:large, max-video-preview:-1\" \/>\n<link rel=\"canonical\" href=\"https:\/\/sevt.fica.unsl.edu.ar\/index.php\/proyectos-de-extension-y-docencia-prorroga-de-la-convocatoria\/\" \/>\n<meta property=\"og:locale\" content=\"es_ES\" \/>\n<meta property=\"og:type\" content=\"article\" \/>\n<meta property=\"og:title\" content=\"Proyectos de Extensi\u00f3n y Docencia: pr\u00f3rroga de la convocatoria - Secretar\u00eda de Extensi\u00f3n, Vinculaci\u00f3n y Transferencia\" \/>\n<meta property=\"og:description\" content=\"La Secretar\u00eda de Extensi\u00f3n Universitaria (SEU) informa que la convocatoria de Proyectos de Extensi\u00f3n y Docencia (PED) se extiende hasta el lunes 20 de marzo.&hellip;\" \/>\n<meta property=\"og:url\" content=\"https:\/\/sevt.fica.unsl.edu.ar\/index.php\/proyectos-de-extension-y-docencia-prorroga-de-la-convocatoria\/\" \/>\n<meta property=\"og:site_name\" content=\"Secretar\u00eda de Extensi\u00f3n, Vinculaci\u00f3n y Transferencia\" \/>\n<meta property=\"article:published_time\" content=\"2023-03-14T15:15:15+00:00\" \/>\n<meta property=\"og:image\" content=\"https:\/\/sevt.fica.unsl.edu.ar\/wp-content\/uploads\/2022\/11\/portadaPEIS.jpg\" \/>\n\t<meta property=\"og:image:width\" content=\"1000\" \/>\n\t<meta property=\"og:image:height\" content=\"583\" \/>\n\t<meta property=\"og:image:type\" content=\"image\/jpeg\" \/>\n<meta name=\"author\" content=\"DATI\" \/>\n<meta name=\"twitter:card\" content=\"summary_large_image\" \/>\n<meta name=\"twitter:label1\" content=\"Escrito por\" \/>\n\t<meta name=\"twitter:data1\" content=\"DATI\" \/>\n\t<meta name=\"twitter:label2\" content=\"Tiempo de lectura\" \/>\n\t<meta name=\"twitter:data2\" content=\"2 minutos\" \/>\n<script type=\"application\/ld+json\" class=\"yoast-schema-graph\">{\"@context\":\"https:\/\/schema.org\",\"@graph\":[{\"@type\":\"Article\",\"@id\":\"https:\/\/sevt.fica.unsl.edu.ar\/index.php\/proyectos-de-extension-y-docencia-prorroga-de-la-convocatoria\/#article\",\"isPartOf\":{\"@id\":\"https:\/\/sevt.fica.unsl.edu.ar\/index.php\/proyectos-de-extension-y-docencia-prorroga-de-la-convocatoria\/\"},\"author\":{\"name\":\"DATI\",\"@id\":\"https:\/\/sevt.fica.unsl.edu.ar\/#\/schema\/person\/39f8490576c1fadc0183ccacf3f7e14a\"},\"headline\":\"Proyectos de Extensi\u00f3n y Docencia: pr\u00f3rroga de la convocatoria\",\"datePublished\":\"2023-03-14T15:15:15+00:00\",\"mainEntityOfPage\":{\"@id\":\"https:\/\/sevt.fica.unsl.edu.ar\/index.php\/proyectos-de-extension-y-docencia-prorroga-de-la-convocatoria\/\"},\"wordCount\":409,\"publisher\":{\"@id\":\"https:\/\/sevt.fica.unsl.edu.ar\/#organization\"},\"image\":{\"@id\":\"https:\/\/sevt.fica.unsl.edu.ar\/index.php\/proyectos-de-extension-y-docencia-prorroga-de-la-convocatoria\/#primaryimage\"},\"thumbnailUrl\":\"https:\/\/sevt.fica.unsl.edu.ar\/wp-content\/uploads\/2022\/11\/portadaPEIS.jpg\",\"articleSection\":[\"Noticias\"],\"inLanguage\":\"es-AR\"},{\"@type\":\"WebPage\",\"@id\":\"https:\/\/sevt.fica.unsl.edu.ar\/index.php\/proyectos-de-extension-y-docencia-prorroga-de-la-convocatoria\/\",\"url\":\"https:\/\/sevt.fica.unsl.edu.ar\/index.php\/proyectos-de-extension-y-docencia-prorroga-de-la-convocatoria\/\",\"name\":\"Proyectos de Extensi\u00f3n y Docencia: pr\u00f3rroga de la convocatoria - Secretar\u00eda de Extensi\u00f3n, Vinculaci\u00f3n y Transferencia\",\"isPartOf\":{\"@id\":\"https:\/\/sevt.fica.unsl.edu.ar\/#website\"},\"primaryImageOfPage\":{\"@id\":\"https:\/\/sevt.fica.unsl.edu.ar\/index.php\/proyectos-de-extension-y-docencia-prorroga-de-la-convocatoria\/#primaryimage\"},\"image\":{\"@id\":\"https:\/\/sevt.fica.unsl.edu.ar\/index.php\/proyectos-de-extension-y-docencia-prorroga-de-la-convocatoria\/#primaryimage\"},\"thumbnailUrl\":\"https:\/\/sevt.fica.unsl.edu.ar\/wp-content\/uploads\/2022\/11\/portadaPEIS.jpg\",\"datePublished\":\"2023-03-14T15:15:15+00:00\",\"breadcrumb\":{\"@id\":\"https:\/\/sevt.fica.unsl.edu.ar\/index.php\/proyectos-de-extension-y-docencia-prorroga-de-la-convocatoria\/#breadcrumb\"},\"inLanguage\":\"es-AR\",\"potentialAction\":[{\"@type\":\"ReadAction\",\"target\":[\"https:\/\/sevt.fica.unsl.edu.ar\/index.php\/proyectos-de-extension-y-docencia-prorroga-de-la-convocatoria\/\"]}]},{\"@type\":\"ImageObject\",\"inLanguage\":\"es-AR\",\"@id\":\"https:\/\/sevt.fica.unsl.edu.ar\/index.php\/proyectos-de-extension-y-docencia-prorroga-de-la-convocatoria\/#primaryimage\",\"url\":\"https:\/\/sevt.fica.unsl.edu.ar\/wp-content\/uploads\/2022\/11\/portadaPEIS.jpg\",\"contentUrl\":\"https:\/\/sevt.fica.unsl.edu.ar\/wp-content\/uploads\/2022\/11\/portadaPEIS.jpg\",\"width\":1000,\"height\":583},{\"@type\":\"BreadcrumbList\",\"@id\":\"https:\/\/sevt.fica.unsl.edu.ar\/index.php\/proyectos-de-extension-y-docencia-prorroga-de-la-convocatoria\/#breadcrumb\",\"itemListElement\":[{\"@type\":\"ListItem\",\"position\":1,\"name\":\"Inicio\",\"item\":\"https:\/\/sevt.fica.unsl.edu.ar\/\"},{\"@type\":\"ListItem\",\"position\":2,\"name\":\"Proyectos de Extensi\u00f3n y Docencia: pr\u00f3rroga de la convocatoria\"}]},{\"@type\":\"WebSite\",\"@id\":\"https:\/\/sevt.fica.unsl.edu.ar\/#website\",\"url\":\"https:\/\/sevt.fica.unsl.edu.ar\/\",\"name\":\"Secretar\u00eda de Extensi\u00f3n, Vinculaci\u00f3n y Transferencia\",\"description\":\"SEVT\",\"publisher\":{\"@id\":\"https:\/\/sevt.fica.unsl.edu.ar\/#organization\"},\"potentialAction\":[{\"@type\":\"SearchAction\",\"target\":{\"@type\":\"EntryPoint\",\"urlTemplate\":\"https:\/\/sevt.fica.unsl.edu.ar\/?s={search_term_string}\"},\"query-input\":{\"@type\":\"PropertyValueSpecification\",\"valueRequired\":true,\"valueName\":\"search_term_string\"}}],\"inLanguage\":\"es-AR\"},{\"@type\":\"Organization\",\"@id\":\"https:\/\/sevt.fica.unsl.edu.ar\/#organization\",\"name\":\"SEVT- Secretar\u00eda de Extensi\u00f3n, Vinculaci\u00f3n y Transferencia\",\"url\":\"https:\/\/sevt.fica.unsl.edu.ar\/\",\"logo\":{\"@type\":\"ImageObject\",\"inLanguage\":\"es-AR\",\"@id\":\"https:\/\/sevt.fica.unsl.edu.ar\/#\/schema\/logo\/image\/\",\"url\":\"https:\/\/sevt.fica.unsl.edu.ar\/wp-content\/uploads\/2020\/11\/SAC.png\",\"contentUrl\":\"https:\/\/sevt.fica.unsl.edu.ar\/wp-content\/uploads\/2020\/11\/SAC.png\",\"width\":4484,\"height\":1231,\"caption\":\"SEVT- Secretar\u00eda de Extensi\u00f3n, Vinculaci\u00f3n y Transferencia\"},\"image\":{\"@id\":\"https:\/\/sevt.fica.unsl.edu.ar\/#\/schema\/logo\/image\/\"}},{\"@type\":\"Person\",\"@id\":\"https:\/\/sevt.fica.unsl.edu.ar\/#\/schema\/person\/39f8490576c1fadc0183ccacf3f7e14a\",\"name\":\"DATI\",\"url\":\"https:\/\/sevt.fica.unsl.edu.ar\/index.php\/author\/sistemasdati\/\"}]}<\/script>\n<!-- \/ Yoast SEO plugin. -->","yoast_head_json":{"title":"Proyectos de Extensi\u00f3n y Docencia: pr\u00f3rroga de la convocatoria - Secretar\u00eda de Extensi\u00f3n, Vinculaci\u00f3n y Transferencia","robots":{"index":"index","follow":"follow","max-snippet":"max-snippet:-1","max-image-preview":"max-image-preview:large","max-video-preview":"max-video-preview:-1"},"canonical":"https:\/\/sevt.fica.unsl.edu.ar\/index.php\/proyectos-de-extension-y-docencia-prorroga-de-la-convocatoria\/","og_locale":"es_ES","og_type":"article","og_title":"Proyectos de Extensi\u00f3n y Docencia: pr\u00f3rroga de la convocatoria - Secretar\u00eda de Extensi\u00f3n, Vinculaci\u00f3n y Transferencia","og_description":"La Secretar\u00eda de Extensi\u00f3n Universitaria (SEU) informa que la convocatoria de Proyectos de Extensi\u00f3n y Docencia (PED) se extiende hasta el lunes 20 de marzo.&hellip;","og_url":"https:\/\/sevt.fica.unsl.edu.ar\/index.php\/proyectos-de-extension-y-docencia-prorroga-de-la-convocatoria\/","og_site_name":"Secretar\u00eda de Extensi\u00f3n, Vinculaci\u00f3n y Transferencia","article_published_time":"2023-03-14T15:15:15+00:00","og_image":[{"width":1000,"height":583,"url":"https:\/\/sevt.fica.unsl.edu.ar\/wp-content\/uploads\/2022\/11\/portadaPEIS.jpg","type":"image\/jpeg"}],"author":"DATI","twitter_card":"summary_large_image","twitter_misc":{"Escrito por":"DATI","Tiempo de lectura":"2 minutos"},"schema":{"@context":"https:\/\/schema.org","@graph":[{"@type":"Article","@id":"https:\/\/sevt.fica.unsl.edu.ar\/index.php\/proyectos-de-extension-y-docencia-prorroga-de-la-convocatoria\/#article","isPartOf":{"@id":"https:\/\/sevt.fica.unsl.edu.ar\/index.php\/proyectos-de-extension-y-docencia-prorroga-de-la-convocatoria\/"},"author":{"name":"DATI","@id":"https:\/\/sevt.fica.unsl.edu.ar\/#\/schema\/person\/39f8490576c1fadc0183ccacf3f7e14a"},"headline":"Proyectos de Extensi\u00f3n y Docencia: pr\u00f3rroga de la convocatoria","datePublished":"2023-03-14T15:15:15+00:00","mainEntityOfPage":{"@id":"https:\/\/sevt.fica.unsl.edu.ar\/index.php\/proyectos-de-extension-y-docencia-prorroga-de-la-convocatoria\/"},"wordCount":409,"publisher":{"@id":"https:\/\/sevt.fica.unsl.edu.ar\/#organization"},"image":{"@id":"https:\/\/sevt.fica.unsl.edu.ar\/index.php\/proyectos-de-extension-y-docencia-prorroga-de-la-convocatoria\/#primaryimage"},"thumbnailUrl":"https:\/\/sevt.fica.unsl.edu.ar\/wp-content\/uploads\/2022\/11\/portadaPEIS.jpg","articleSection":["Noticias"],"inLanguage":"es-AR"},{"@type":"WebPage","@id":"https:\/\/sevt.fica.unsl.edu.ar\/index.php\/proyectos-de-extension-y-docencia-prorroga-de-la-convocatoria\/","url":"https:\/\/sevt.fica.unsl.edu.ar\/index.php\/proyectos-de-extension-y-docencia-prorroga-de-la-convocatoria\/","name":"Proyectos de Extensi\u00f3n y Docencia: pr\u00f3rroga de la convocatoria - Secretar\u00eda de Extensi\u00f3n, Vinculaci\u00f3n y Transferencia","isPartOf":{"@id":"https:\/\/sevt.fica.unsl.edu.ar\/#website"},"primaryImageOfPage":{"@id":"https:\/\/sevt.fica.unsl.edu.ar\/index.php\/proyectos-de-extension-y-docencia-prorroga-de-la-convocatoria\/#primaryimage"},"image":{"@id":"https:\/\/sevt.fica.unsl.edu.ar\/index.php\/proyectos-de-extension-y-docencia-prorroga-de-la-convocatoria\/#primaryimage"},"thumbnailUrl":"https:\/\/sevt.fica.unsl.edu.ar\/wp-content\/uploads\/2022\/11\/portadaPEIS.jpg","datePublished":"2023-03-14T15:15:15+00:00","breadcrumb":{"@id":"https:\/\/sevt.fica.unsl.edu.ar\/index.php\/proyectos-de-extension-y-docencia-prorroga-de-la-convocatoria\/#breadcrumb"},"inLanguage":"es-AR","potentialAction":[{"@type":"ReadAction","target":["https:\/\/sevt.fica.unsl.edu.ar\/index.php\/proyectos-de-extension-y-docencia-prorroga-de-la-convocatoria\/"]}]},{"@type":"ImageObject","inLanguage":"es-AR","@id":"https:\/\/sevt.fica.unsl.edu.ar\/index.php\/proyectos-de-extension-y-docencia-prorroga-de-la-convocatoria\/#primaryimage","url":"https:\/\/sevt.fica.unsl.edu.ar\/wp-content\/uploads\/2022\/11\/portadaPEIS.jpg","contentUrl":"https:\/\/sevt.fica.unsl.edu.ar\/wp-content\/uploads\/2022\/11\/portadaPEIS.jpg","width":1000,"height":583},{"@type":"BreadcrumbList","@id":"https:\/\/sevt.fica.unsl.edu.ar\/index.php\/proyectos-de-extension-y-docencia-prorroga-de-la-convocatoria\/#breadcrumb","itemListElement":[{"@type":"ListItem","position":1,"name":"Inicio","item":"https:\/\/sevt.fica.unsl.edu.ar\/"},{"@type":"ListItem","position":2,"name":"Proyectos de Extensi\u00f3n y Docencia: pr\u00f3rroga de la convocatoria"}]},{"@type":"WebSite","@id":"https:\/\/sevt.fica.unsl.edu.ar\/#website","url":"https:\/\/sevt.fica.unsl.edu.ar\/","name":"Secretar\u00eda de Extensi\u00f3n, Vinculaci\u00f3n y Transferencia","description":"SEVT","publisher":{"@id":"https:\/\/sevt.fica.unsl.edu.ar\/#organization"},"potentialAction":[{"@type":"SearchAction","target":{"@type":"EntryPoint","urlTemplate":"https:\/\/sevt.fica.unsl.edu.ar\/?s={search_term_string}"},"query-input":{"@type":"PropertyValueSpecification","valueRequired":true,"valueName":"search_term_string"}}],"inLanguage":"es-AR"},{"@type":"Organization","@id":"https:\/\/sevt.fica.unsl.edu.ar\/#organization","name":"SEVT- Secretar\u00eda de Extensi\u00f3n, Vinculaci\u00f3n y Transferencia","url":"https:\/\/sevt.fica.unsl.edu.ar\/","logo":{"@type":"ImageObject","inLanguage":"es-AR","@id":"https:\/\/sevt.fica.unsl.edu.ar\/#\/schema\/logo\/image\/","url":"https:\/\/sevt.fica.unsl.edu.ar\/wp-content\/uploads\/2020\/11\/SAC.png","contentUrl":"https:\/\/sevt.fica.unsl.edu.ar\/wp-content\/uploads\/2020\/11\/SAC.png","width":4484,"height":1231,"caption":"SEVT- Secretar\u00eda de Extensi\u00f3n, Vinculaci\u00f3n y Transferencia"},"image":{"@id":"https:\/\/sevt.fica.unsl.edu.ar\/#\/schema\/logo\/image\/"}},{"@type":"Person","@id":"https:\/\/sevt.fica.unsl.edu.ar\/#\/schema\/person\/39f8490576c1fadc0183ccacf3f7e14a","name":"DATI","url":"https:\/\/sevt.fica.unsl.edu.ar\/index.php\/author\/sistemasdati\/"}]}},"_links":{"self":[{"href":"https:\/\/sevt.fica.unsl.edu.ar\/index.php\/wp-json\/wp\/v2\/posts\/1829","targetHints":{"allow":["GET"]}}],"collection":[{"href":"https:\/\/sevt.fica.unsl.edu.ar\/index.php\/wp-json\/wp\/v2\/posts"}],"about":[{"href":"https:\/\/sevt.fica.unsl.edu.ar\/index.php\/wp-json\/wp\/v2\/types\/post"}],"author":[{"embeddable":true,"href":"https:\/\/sevt.fica.unsl.edu.ar\/index.php\/wp-json\/wp\/v2\/users\/5"}],"replies":[{"embeddable":true,"href":"https:\/\/sevt.fica.unsl.edu.ar\/index.php\/wp-json\/wp\/v2\/comments?post=1829"}],"version-history":[{"count":1,"href":"https:\/\/sevt.fica.unsl.edu.ar\/index.php\/wp-json\/wp\/v2\/posts\/1829\/revisions"}],"predecessor-version":[{"id":1830,"href":"https:\/\/sevt.fica.unsl.edu.ar\/index.php\/wp-json\/wp\/v2\/posts\/1829\/revisions\/1830"}],"wp:featuredmedia":[{"embeddable":true,"href":"https:\/\/sevt.fica.unsl.edu.ar\/index.php\/wp-json\/wp\/v2\/media\/1714"}],"wp:attachment":[{"href":"https:\/\/sevt.fica.unsl.edu.ar\/index.php\/wp-json\/wp\/v2\/media?parent=1829"}],"wp:term":[{"taxonomy":"category","embeddable":true,"href":"https:\/\/sevt.fica.unsl.edu.ar\/index.php\/wp-json\/wp\/v2\/categories?post=1829"},{"taxonomy":"post_tag","embeddable":true,"href":"https:\/\/sevt.fica.unsl.edu.ar\/index.php\/wp-json\/wp\/v2\/tags?post=1829"}],"curies":[{"name":"wp","href":"https:\/\/api.w.org\/{rel}","templated":true}]}}